{"id":2620,"date":"2018-12-18T08:40:19","date_gmt":"2018-12-18T07:40:19","guid":{"rendered":"http:\/\/www.ulcgt69villefranche.fr\/?p=2620"},"modified":"2018-12-18T08:42:05","modified_gmt":"2018-12-18T07:42:05","slug":"20-12-18-rassemblement-de-soutien-a-lyon","status":"publish","type":"post","link":"http:\/\/www.ulcgt69villefranche.fr\/?p=2620","title":{"rendered":"20\/12\/18 : RASSEMBLEMENT DE SOUTIEN A LYON"},"content":{"rendered":"<h3 style=\"text-align: center;\">BAYER<br \/>\n<span style=\"color: #339966;\">Le jeudi 20 d\u00e9cembre, \u00e0 partir de 11h00<\/span> &#8211; rassemblement de soutien \u00e0 notre camarade Ga\u00e9tan, d\u00e9l\u00e9gu\u00e9 syndical CGT \u00e0 Bayer Villefranche, menac\u00e9 de licenciement. Depuis lundi dernier des d\u00e9brayages quotidiens ralentissent la production, des AG ont lieu tous les matins et une permanence militante campe jour et nuit devant le site. Des gilets rouges avec des visites r\u00e9guli\u00e8res de gilets jaunes qui sont install\u00e9s sur un rond-point tr\u00e8s proche. Le syndicat CGT de Bayer, l\u2019UL CGT de Villefranche, l\u2019UD CGT 69, la FNIC (chimie) appellent les militants \u00e0 ce rassemblement devant le site de <span style=\"color: #0000ff;\"><strong>Bayer, 16 rue Jean-Marie LECLAIR Lyon 9e (\u00e0 8 minutes \u00e0 pied du m\u00e9tro Gorges du Loup).<\/strong><\/span><\/h3>\n<h3 style=\"text-align: center;\"><strong><span style=\"color: #800080;\">Rendez-vous \u00e0 9h45 \u00e0 l&rsquo;UL de Villefranche pour un d\u00e9part vers Vaise en co-voiturage \u00e0 10h15. Inscriptions pr\u00e9alables.<\/span><\/strong><\/h3>\n","protected":false},"excerpt":{"rendered":"<p>BAYER Le jeudi 20 d\u00e9cembre, \u00e0 partir de 11h00 &#8211; rassemblement de soutien \u00e0 notre camarade Ga\u00e9tan, d\u00e9l\u00e9gu\u00e9 syndical CGT \u00e0 Bayer Villefranche, menac\u00e9 de licenciement. Depuis lundi dernier des d\u00e9brayages quotidiens ralentissent la production, des AG ont lieu tous les matins et une permanence militante campe jour et nuit devant le site. Des gilets [&hellip;]<\/p>\n","protected":false},"author":3,"featured_media":0,"comment_status":"closed","ping_status":"open","sticky":false,"template":"","format":"standard","meta":[],"categories":[1],"tags":[],"_links":{"self":[{"href":"http:\/\/www.ulcgt69villefranche.fr\/index.php?rest_route=\/wp\/v2\/posts\/2620"}],"collection":[{"href":"http:\/\/www.ulcgt69villefranche.fr\/index.php?rest_route=\/wp\/v2\/posts"}],"about":[{"href":"http:\/\/www.ulcgt69villefranche.fr\/index.php?rest_route=\/wp\/v2\/types\/post"}],"author":[{"embeddable":true,"href":"http:\/\/www.ulcgt69villefranche.fr\/index.php?rest_route=\/wp\/v2\/users\/3"}],"replies":[{"embeddable":true,"href":"http:\/\/www.ulcgt69villefranche.fr\/index.php?rest_route=%2Fwp%2Fv2%2Fcomments&post=2620"}],"version-history":[{"count":5,"href":"http:\/\/www.ulcgt69villefranche.fr\/index.php?rest_route=\/wp\/v2\/posts\/2620\/revisions"}],"predecessor-version":[{"id":2625,"href":"http:\/\/www.ulcgt69villefranche.fr\/index.php?rest_route=\/wp\/v2\/posts\/2620\/revisions\/2625"}],"wp:attachment":[{"href":"http:\/\/www.ulcgt69villefranche.fr\/index.php?rest_route=%2Fwp%2Fv2%2Fmedia&parent=2620"}],"wp:term":[{"taxonomy":"category","embeddable":true,"href":"http:\/\/www.ulcgt69villefranche.fr\/index.php?rest_route=%2Fwp%2Fv2%2Fcategories&post=2620"},{"taxonomy":"post_tag","embeddable":true,"href":"http:\/\/www.ulcgt69villefranche.fr\/index.php?rest_route=%2Fwp%2Fv2%2Ftags&post=2620"}],"curies":[{"name":"wp","href":"https:\/\/api.w.org\/{rel}","templated":true}]}}