{"id":2616,"date":"2018-12-11T19:01:00","date_gmt":"2018-12-11T18:01:00","guid":{"rendered":"http:\/\/www.ulcgt69villefranche.fr\/?p=2616"},"modified":"2018-12-11T19:01:00","modified_gmt":"2018-12-11T18:01:00","slug":"10-12-18-action-bailleurs-sociaux","status":"publish","type":"post","link":"http:\/\/www.ulcgt69villefranche.fr\/?p=2616","title":{"rendered":"10\/12\/18 : ACTION BAILLEURS SOCIAUX"},"content":{"rendered":"<p>Le 10\/12\/18, les camarades de la sant\u00e9 et de l&rsquo;union locale cgt de Villefranche \u00e9taient dans l&rsquo;action en direction des bailleurs sociaux et des locataires. D\u00e9fense des acquis, augmentation du SMIC&#8230;<\/p>\n<p><a href=\"http:\/\/www.ulcgt69villefranche.fr\/wp-content\/uploads\/2018\/12\/2018-12-10-Action-Bailleurs-sociaux.png\"><img loading=\"lazy\" class=\"aligncenter size-full wp-image-2617\" src=\"http:\/\/www.ulcgt69villefranche.fr\/wp-content\/uploads\/2018\/12\/2018-12-10-Action-Bailleurs-sociaux.png\" alt=\"\" width=\"720\" height=\"1280\" srcset=\"http:\/\/www.ulcgt69villefranche.fr\/wp-content\/uploads\/2018\/12\/2018-12-10-Action-Bailleurs-sociaux.png 720w, http:\/\/www.ulcgt69villefranche.fr\/wp-content\/uploads\/2018\/12\/2018-12-10-Action-Bailleurs-sociaux-169x300.png 169w, http:\/\/www.ulcgt69villefranche.fr\/wp-content\/uploads\/2018\/12\/2018-12-10-Action-Bailleurs-sociaux-576x1024.png 576w\" sizes=\"(max-width: 720px) 100vw, 720px\" \/><\/a><\/p>\n","protected":false},"excerpt":{"rendered":"<p>Le 10\/12\/18, les camarades de la sant\u00e9 et de l&rsquo;union locale cgt de Villefranche \u00e9taient dans l&rsquo;action en direction des bailleurs sociaux et des locataires. D\u00e9fense des acquis, augmentation du SMIC&#8230;<\/p>\n","protected":false},"author":3,"featured_media":0,"comment_status":"closed","ping_status":"open","sticky":false,"template":"","format":"standard","meta":[],"categories":[1],"tags":[],"_links":{"self":[{"href":"http:\/\/www.ulcgt69villefranche.fr\/index.php?rest_route=\/wp\/v2\/posts\/2616"}],"collection":[{"href":"http:\/\/www.ulcgt69villefranche.fr\/index.php?rest_route=\/wp\/v2\/posts"}],"about":[{"href":"http:\/\/www.ulcgt69villefranche.fr\/index.php?rest_route=\/wp\/v2\/types\/post"}],"author":[{"embeddable":true,"href":"http:\/\/www.ulcgt69villefranche.fr\/index.php?rest_route=\/wp\/v2\/users\/3"}],"replies":[{"embeddable":true,"href":"http:\/\/www.ulcgt69villefranche.fr\/index.php?rest_route=%2Fwp%2Fv2%2Fcomments&post=2616"}],"version-history":[{"count":1,"href":"http:\/\/www.ulcgt69villefranche.fr\/index.php?rest_route=\/wp\/v2\/posts\/2616\/revisions"}],"predecessor-version":[{"id":2618,"href":"http:\/\/www.ulcgt69villefranche.fr\/index.php?rest_route=\/wp\/v2\/posts\/2616\/revisions\/2618"}],"wp:attachment":[{"href":"http:\/\/www.ulcgt69villefranche.fr\/index.php?rest_route=%2Fwp%2Fv2%2Fmedia&parent=2616"}],"wp:term":[{"taxonomy":"category","embeddable":true,"href":"http:\/\/www.ulcgt69villefranche.fr\/index.php?rest_route=%2Fwp%2Fv2%2Fcategories&post=2616"},{"taxonomy":"post_tag","embeddable":true,"href":"http:\/\/www.ulcgt69villefranche.fr\/index.php?rest_route=%2Fwp%2Fv2%2Ftags&post=2616"}],"curies":[{"name":"wp","href":"https:\/\/api.w.org\/{rel}","templated":true}]}}