{"id":2554,"date":"2018-09-28T15:37:29","date_gmt":"2018-09-28T13:37:29","guid":{"rendered":"http:\/\/www.ulcgt69villefranche.fr\/?p=2554"},"modified":"2018-11-09T14:39:53","modified_gmt":"2018-11-09T13:39:53","slug":"09-10-18-ensemble-a-la-conquete-dun-autre-avenir","status":"publish","type":"post","link":"http:\/\/www.ulcgt69villefranche.fr\/?p=2554","title":{"rendered":"09\/10\/18 : ENSEMBLE \u00c0 LA CONQU\u00caTE D&rsquo;UN AUTRE AVENIR"},"content":{"rendered":"<h1 style=\"text-align: center;\"><a href=\"http:\/\/www.ulcgt69villefranche.fr\/wp-content\/uploads\/2018\/09\/Tract-9-octobre-2018.pdf\" target=\"_blank\" rel=\"noopener\"><span style=\"color: #0000ff;\">MANIFESTATION NATIONALE INTERPROFESSIONNELLE ET INTERSYNDICALE<\/span><\/a><\/h1>\n<h1 style=\"text-align: center;\"><a href=\"http:\/\/www.ulcgt69villefranche.fr\/wp-content\/uploads\/2018\/09\/Tract-9-octobre-2018.pdf\" target=\"_blank\" rel=\"noopener\"><span style=\"color: #0000ff;\">\u00c0 VILLEFRANCHE SUR SA\u00d4NE<\/span><\/a><\/h1>\n<h1 style=\"text-align: center;\"><a href=\"http:\/\/www.ulcgt69villefranche.fr\/wp-content\/uploads\/2018\/09\/Tract-9-octobre-2018.pdf\" target=\"_blank\" rel=\"noopener\"><span style=\"color: #0000ff;\">\u00c0 17H PLACE DE LA LIB\u00c9RATION<\/span><\/a><\/h1>\n<p><iframe loading=\"lazy\" width=\"565\" height=\"318\" src=\"https:\/\/www.youtube.com\/embed\/XN9iX2FAMhI?feature=oembed\" frameborder=\"0\" allow=\"accelerometer; autoplay; encrypted-media; gyroscope; picture-in-picture\" allowfullscreen><\/iframe><\/p>\n<p><a href=\"http:\/\/www.ulcgt69villefranche.fr\/wp-content\/uploads\/2018\/09\/Tract-9-octobre-2018.pdf\" target=\"_blank\" rel=\"noopener\">Tract 9 octobre 2018<\/a><\/p>\n","protected":false},"excerpt":{"rendered":"<p>MANIFESTATION NATIONALE INTERPROFESSIONNELLE ET INTERSYNDICALE \u00c0 VILLEFRANCHE SUR SA\u00d4NE \u00c0 17H PLACE DE LA LIB\u00c9RATION Tract 9 octobre 2018<\/p>\n","protected":false},"author":3,"featured_media":0,"comment_status":"closed","ping_status":"open","sticky":false,"template":"","format":"standard","meta":[],"categories":[1],"tags":[],"_links":{"self":[{"href":"http:\/\/www.ulcgt69villefranche.fr\/index.php?rest_route=\/wp\/v2\/posts\/2554"}],"collection":[{"href":"http:\/\/www.ulcgt69villefranche.fr\/index.php?rest_route=\/wp\/v2\/posts"}],"about":[{"href":"http:\/\/www.ulcgt69villefranche.fr\/index.php?rest_route=\/wp\/v2\/types\/post"}],"author":[{"embeddable":true,"href":"http:\/\/www.ulcgt69villefranche.fr\/index.php?rest_route=\/wp\/v2\/users\/3"}],"replies":[{"embeddable":true,"href":"http:\/\/www.ulcgt69villefranche.fr\/index.php?rest_route=%2Fwp%2Fv2%2Fcomments&post=2554"}],"version-history":[{"count":8,"href":"http:\/\/www.ulcgt69villefranche.fr\/index.php?rest_route=\/wp\/v2\/posts\/2554\/revisions"}],"predecessor-version":[{"id":2567,"href":"http:\/\/www.ulcgt69villefranche.fr\/index.php?rest_route=\/wp\/v2\/posts\/2554\/revisions\/2567"}],"wp:attachment":[{"href":"http:\/\/www.ulcgt69villefranche.fr\/index.php?rest_route=%2Fwp%2Fv2%2Fmedia&parent=2554"}],"wp:term":[{"taxonomy":"category","embeddable":true,"href":"http:\/\/www.ulcgt69villefranche.fr\/index.php?rest_route=%2Fwp%2Fv2%2Fcategories&post=2554"},{"taxonomy":"post_tag","embeddable":true,"href":"http:\/\/www.ulcgt69villefranche.fr\/index.php?rest_route=%2Fwp%2Fv2%2Ftags&post=2554"}],"curies":[{"name":"wp","href":"https:\/\/api.w.org\/{rel}","templated":true}]}}