{"id":2535,"date":"2018-09-07T15:03:21","date_gmt":"2018-09-07T13:03:21","guid":{"rendered":"http:\/\/www.ulcgt69villefranche.fr\/?p=2535"},"modified":"2018-09-07T15:03:21","modified_gmt":"2018-09-07T13:03:21","slug":"10-09-18-assemblee-generale-de-rentree","status":"publish","type":"post","link":"http:\/\/www.ulcgt69villefranche.fr\/?p=2535","title":{"rendered":"10\/09\/18 : ASSEMBL\u00c9E G\u00c9N\u00c9RALE DE RENTR\u00c9E"},"content":{"rendered":"<p>Afin de se mettre au courant des derniers d\u00e9veloppements de l\u2019actualit\u00e9 sociale et pour pr\u00e9parer une rentr\u00e9e offensive, l\u2019assembl\u00e9e g\u00e9n\u00e9rale de rentr\u00e9e de notre Union Locale aura lieu : <span style=\"color: #ff0000;\"><strong>le lundi 10 septembre \u00e0 16 h 30.<\/strong><\/span><\/p>\n<p><a href=\"http:\/\/www.ulcgt69villefranche.fr\/wp-content\/uploads\/2018\/09\/RENTR2E.jpg\"><img loading=\"lazy\" class=\"aligncenter size-full wp-image-2538\" src=\"http:\/\/www.ulcgt69villefranche.fr\/wp-content\/uploads\/2018\/09\/RENTR2E.jpg\" alt=\"\" width=\"960\" height=\"960\" srcset=\"http:\/\/www.ulcgt69villefranche.fr\/wp-content\/uploads\/2018\/09\/RENTR2E.jpg 960w, http:\/\/www.ulcgt69villefranche.fr\/wp-content\/uploads\/2018\/09\/RENTR2E-150x150.jpg 150w, http:\/\/www.ulcgt69villefranche.fr\/wp-content\/uploads\/2018\/09\/RENTR2E-300x300.jpg 300w, http:\/\/www.ulcgt69villefranche.fr\/wp-content\/uploads\/2018\/09\/RENTR2E-768x768.jpg 768w\" sizes=\"(max-width: 960px) 100vw, 960px\" \/><\/a><\/p>\n","protected":false},"excerpt":{"rendered":"<p>Afin de se mettre au courant des derniers d\u00e9veloppements de l\u2019actualit\u00e9 sociale et pour pr\u00e9parer une rentr\u00e9e offensive, l\u2019assembl\u00e9e g\u00e9n\u00e9rale de rentr\u00e9e de notre Union Locale aura lieu : le lundi 10 septembre \u00e0 16 h 30.<\/p>\n","protected":false},"author":3,"featured_media":0,"comment_status":"closed","ping_status":"open","sticky":false,"template":"","format":"standard","meta":[],"categories":[1],"tags":[],"_links":{"self":[{"href":"http:\/\/www.ulcgt69villefranche.fr\/index.php?rest_route=\/wp\/v2\/posts\/2535"}],"collection":[{"href":"http:\/\/www.ulcgt69villefranche.fr\/index.php?rest_route=\/wp\/v2\/posts"}],"about":[{"href":"http:\/\/www.ulcgt69villefranche.fr\/index.php?rest_route=\/wp\/v2\/types\/post"}],"author":[{"embeddable":true,"href":"http:\/\/www.ulcgt69villefranche.fr\/index.php?rest_route=\/wp\/v2\/users\/3"}],"replies":[{"embeddable":true,"href":"http:\/\/www.ulcgt69villefranche.fr\/index.php?rest_route=%2Fwp%2Fv2%2Fcomments&post=2535"}],"version-history":[{"count":3,"href":"http:\/\/www.ulcgt69villefranche.fr\/index.php?rest_route=\/wp\/v2\/posts\/2535\/revisions"}],"predecessor-version":[{"id":2539,"href":"http:\/\/www.ulcgt69villefranche.fr\/index.php?rest_route=\/wp\/v2\/posts\/2535\/revisions\/2539"}],"wp:attachment":[{"href":"http:\/\/www.ulcgt69villefranche.fr\/index.php?rest_route=%2Fwp%2Fv2%2Fmedia&parent=2535"}],"wp:term":[{"taxonomy":"category","embeddable":true,"href":"http:\/\/www.ulcgt69villefranche.fr\/index.php?rest_route=%2Fwp%2Fv2%2Fcategories&post=2535"},{"taxonomy":"post_tag","embeddable":true,"href":"http:\/\/www.ulcgt69villefranche.fr\/index.php?rest_route=%2Fwp%2Fv2%2Ftags&post=2535"}],"curies":[{"name":"wp","href":"https:\/\/api.w.org\/{rel}","templated":true}]}}