{"id":2487,"date":"2018-06-25T14:20:38","date_gmt":"2018-06-25T12:20:38","guid":{"rendered":"http:\/\/www.ulcgt69villefranche.fr\/?p=2487"},"modified":"2018-06-28T07:43:21","modified_gmt":"2018-06-28T05:43:21","slug":"28-06-18-manifestation-a-lyon","status":"publish","type":"post","link":"http:\/\/www.ulcgt69villefranche.fr\/?p=2487","title":{"rendered":"28\/06\/18 : MANIFESTATION A LYON"},"content":{"rendered":"<h1 style=\"text-align: center;\">Covoiturage au d\u00e9part de la Bourse du travail de Villefranche \u00e0 10H30<img loading=\"lazy\" class=\"aligncenter wp-image-2486\" src=\"http:\/\/www.ulcgt69villefranche.fr\/wp-content\/uploads\/2018\/06\/2018-06-28.jpg\" alt=\"\" width=\"679\" height=\"257\" srcset=\"http:\/\/www.ulcgt69villefranche.fr\/wp-content\/uploads\/2018\/06\/2018-06-28.jpg 876w, http:\/\/www.ulcgt69villefranche.fr\/wp-content\/uploads\/2018\/06\/2018-06-28-300x113.jpg 300w, http:\/\/www.ulcgt69villefranche.fr\/wp-content\/uploads\/2018\/06\/2018-06-28-768x290.jpg 768w\" sizes=\"(max-width: 679px) 100vw, 679px\" \/><\/h1>\n<p><a href=\"http:\/\/www.ulcgt69villefranche.fr\/wp-content\/uploads\/2018\/06\/Tract-28-juin-2018-3.pdf\" target=\"_blank\" rel=\"noopener\">Lire le tract de l&rsquo;Union D\u00e9partementale<\/a><\/p>\n<p><a href=\"http:\/\/www.ulcgt69villefranche.fr\/wp-content\/uploads\/2018\/06\/TractR\u00e9gion28Juin-1.pdf\" target=\"_blank\" rel=\"noopener\">Lire le tract du Comit\u00e9 R\u00e9gional<\/a><\/p>\n","protected":false},"excerpt":{"rendered":"<p>Covoiturage au d\u00e9part de la Bourse du travail de Villefranche \u00e0 10H30 Lire le tract de l&rsquo;Union D\u00e9partementale Lire le tract du Comit\u00e9 R\u00e9gional<\/p>\n","protected":false},"author":3,"featured_media":0,"comment_status":"closed","ping_status":"open","sticky":false,"template":"","format":"standard","meta":[],"categories":[1],"tags":[],"_links":{"self":[{"href":"http:\/\/www.ulcgt69villefranche.fr\/index.php?rest_route=\/wp\/v2\/posts\/2487"}],"collection":[{"href":"http:\/\/www.ulcgt69villefranche.fr\/index.php?rest_route=\/wp\/v2\/posts"}],"about":[{"href":"http:\/\/www.ulcgt69villefranche.fr\/index.php?rest_route=\/wp\/v2\/types\/post"}],"author":[{"embeddable":true,"href":"http:\/\/www.ulcgt69villefranche.fr\/index.php?rest_route=\/wp\/v2\/users\/3"}],"replies":[{"embeddable":true,"href":"http:\/\/www.ulcgt69villefranche.fr\/index.php?rest_route=%2Fwp%2Fv2%2Fcomments&post=2487"}],"version-history":[{"count":7,"href":"http:\/\/www.ulcgt69villefranche.fr\/index.php?rest_route=\/wp\/v2\/posts\/2487\/revisions"}],"predecessor-version":[{"id":2502,"href":"http:\/\/www.ulcgt69villefranche.fr\/index.php?rest_route=\/wp\/v2\/posts\/2487\/revisions\/2502"}],"wp:attachment":[{"href":"http:\/\/www.ulcgt69villefranche.fr\/index.php?rest_route=%2Fwp%2Fv2%2Fmedia&parent=2487"}],"wp:term":[{"taxonomy":"category","embeddable":true,"href":"http:\/\/www.ulcgt69villefranche.fr\/index.php?rest_route=%2Fwp%2Fv2%2Fcategories&post=2487"},{"taxonomy":"post_tag","embeddable":true,"href":"http:\/\/www.ulcgt69villefranche.fr\/index.php?rest_route=%2Fwp%2Fv2%2Ftags&post=2487"}],"curies":[{"name":"wp","href":"https:\/\/api.w.org\/{rel}","templated":true}]}}