{"id":2472,"date":"2018-06-11T16:11:18","date_gmt":"2018-06-11T14:11:18","guid":{"rendered":"http:\/\/www.ulcgt69villefranche.fr\/?p=2472"},"modified":"2018-06-11T16:15:04","modified_gmt":"2018-06-11T14:15:04","slug":"14-06-18","status":"publish","type":"post","link":"http:\/\/www.ulcgt69villefranche.fr\/?p=2472","title":{"rendered":"14\/06\/18 : LES RETRAIT\u00c9S DANS LA RUE"},"content":{"rendered":"<p><a href=\"http:\/\/www.ulcgt69villefranche.fr\/wp-content\/uploads\/2018\/06\/14-juin-2018.jpg\"><img loading=\"lazy\" class=\"aligncenter wp-image-2475 size-medium\" src=\"http:\/\/www.ulcgt69villefranche.fr\/wp-content\/uploads\/2018\/06\/14-juin-2018-212x300.jpg\" alt=\"\" width=\"212\" height=\"300\" srcset=\"http:\/\/www.ulcgt69villefranche.fr\/wp-content\/uploads\/2018\/06\/14-juin-2018-212x300.jpg 212w, http:\/\/www.ulcgt69villefranche.fr\/wp-content\/uploads\/2018\/06\/14-juin-2018.jpg 566w\" sizes=\"(max-width: 212px) 100vw, 212px\" \/><\/a><\/p>\n<p><a href=\"http:\/\/www.ulcgt69villefranche.fr\/wp-content\/uploads\/2018\/06\/2018-06-14-tract-usr.pdf\" target=\"_blank\" rel=\"noopener\">Lire le tract<\/a><\/p>\n<p>Jeudi 14 Juin, les retrait\u00e9s seront dans la rue \u00e0 l\u2019appel des neufs organisations de retrait\u00e9s. Ils exigent du gouvernement l\u2019annulation de la hausse de la CSG, ainsi que la fin du gel des pensions. En l\u2019esp\u00e8ce, pour certain retrait\u00e9s, les deux facteurs combin\u00e9s ont entra\u00een\u00e9 une diminution de leur pouvoir d\u2019achat de plusieurs centaines d\u2019euros par an.<\/p>\n<p>Cette situation n\u2019est pas tenable quand, en m\u00eame temps, le gouvernement multiplie les cadeaux fiscaux aux riches \u00e0 travers la suppression de l\u2019ISF pour les titulaires de portefeuilles boursiers ou le plafonnement de l\u2019imposition sur les dividendes \u00e0 30%.<br class=\"autobr\" \/>A Lyon, la manifestation partira de la place des Jacobins,\u00a0 \u00e0 14h, en direction de la Pr\u00e9fecture. <em><strong>RDV 10H30 \u00e0 la Bourse du Travail de Villefranche.<\/strong><\/em><\/p>\n<p>Par ailleurs, vous pouvez\u00a0<a class=\"spip_out\" href=\"http:\/\/www.retraitesencolere.fr\/\" rel=\"external\">signer la p\u00e9tition<\/a>, pour une loi de finance rectificative qui annule la hausse de la CSG pour tous, qui met fin au gel des pensions en les revalorisant.<\/p>\n","protected":false},"excerpt":{"rendered":"<p>Lire le tract Jeudi 14 Juin, les retrait\u00e9s seront dans la rue \u00e0 l\u2019appel des neufs organisations de retrait\u00e9s. Ils exigent du gouvernement l\u2019annulation de la hausse de la CSG, ainsi que la fin du gel des pensions. En l\u2019esp\u00e8ce, pour certain retrait\u00e9s, les deux facteurs combin\u00e9s ont entra\u00een\u00e9 une diminution de leur pouvoir d\u2019achat [&hellip;]<\/p>\n","protected":false},"author":3,"featured_media":0,"comment_status":"closed","ping_status":"open","sticky":false,"template":"","format":"standard","meta":[],"categories":[1],"tags":[],"_links":{"self":[{"href":"http:\/\/www.ulcgt69villefranche.fr\/index.php?rest_route=\/wp\/v2\/posts\/2472"}],"collection":[{"href":"http:\/\/www.ulcgt69villefranche.fr\/index.php?rest_route=\/wp\/v2\/posts"}],"about":[{"href":"http:\/\/www.ulcgt69villefranche.fr\/index.php?rest_route=\/wp\/v2\/types\/post"}],"author":[{"embeddable":true,"href":"http:\/\/www.ulcgt69villefranche.fr\/index.php?rest_route=\/wp\/v2\/users\/3"}],"replies":[{"embeddable":true,"href":"http:\/\/www.ulcgt69villefranche.fr\/index.php?rest_route=%2Fwp%2Fv2%2Fcomments&post=2472"}],"version-history":[{"count":7,"href":"http:\/\/www.ulcgt69villefranche.fr\/index.php?rest_route=\/wp\/v2\/posts\/2472\/revisions"}],"predecessor-version":[{"id":2480,"href":"http:\/\/www.ulcgt69villefranche.fr\/index.php?rest_route=\/wp\/v2\/posts\/2472\/revisions\/2480"}],"wp:attachment":[{"href":"http:\/\/www.ulcgt69villefranche.fr\/index.php?rest_route=%2Fwp%2Fv2%2Fmedia&parent=2472"}],"wp:term":[{"taxonomy":"category","embeddable":true,"href":"http:\/\/www.ulcgt69villefranche.fr\/index.php?rest_route=%2Fwp%2Fv2%2Fcategories&post=2472"},{"taxonomy":"post_tag","embeddable":true,"href":"http:\/\/www.ulcgt69villefranche.fr\/index.php?rest_route=%2Fwp%2Fv2%2Ftags&post=2472"}],"curies":[{"name":"wp","href":"https:\/\/api.w.org\/{rel}","templated":true}]}}