{"id":2435,"date":"2018-04-20T08:55:20","date_gmt":"2018-04-20T06:55:20","guid":{"rendered":"http:\/\/www.ulcgt69villefranche.fr\/?p=2435"},"modified":"2018-04-20T09:16:13","modified_gmt":"2018-04-20T07:16:13","slug":"01-05-18-toutes-et-tous-ensemble","status":"publish","type":"post","link":"http:\/\/www.ulcgt69villefranche.fr\/?p=2435","title":{"rendered":"01\/05\/18 : TOUTES ET TOUS ENSEMBLE !"},"content":{"rendered":"<p><a href=\"http:\/\/www.ulcgt69villefranche.fr\/wp-content\/uploads\/2018\/04\/2018-05-01-Affiche-UL.jpg\"><img loading=\"lazy\" class=\"aligncenter wp-image-2434 size-full\" src=\"http:\/\/www.ulcgt69villefranche.fr\/wp-content\/uploads\/2018\/04\/2018-05-01-Affiche-UL.jpg\" alt=\"\" width=\"503\" height=\"720\" srcset=\"http:\/\/www.ulcgt69villefranche.fr\/wp-content\/uploads\/2018\/04\/2018-05-01-Affiche-UL.jpg 503w, http:\/\/www.ulcgt69villefranche.fr\/wp-content\/uploads\/2018\/04\/2018-05-01-Affiche-UL-210x300.jpg 210w\" sizes=\"(max-width: 503px) 100vw, 503px\" \/><\/a><\/p>\n<div class=\"\" data-block=\"true\" data-editor=\"4hefe\" data-offset-key=\"8sp2k-0-0\">\n<p class=\"_1mf _1mj\" style=\"text-align: center;\" data-offset-key=\"8sp2k-0-0\"><span data-offset-key=\"8sp2k-0-0\">Anim\u00e9s par la seule volont\u00e9 de r\u00e9pondre aux int\u00e9r\u00eats individuels de quelques \u00ab premiers de cord\u00e9es \u00bb, aux revendications du Medef, le gouvernement et la majorit\u00e9 parlementaire s\u2019inscrivent dans une remise en cause profonde de notre mod\u00e8le de soci\u00e9t\u00e9.<\/span><\/p>\n<\/div>\n<p class=\"_1mf _1mj\" style=\"text-align: center;\" data-offset-key=\"7lbv8-0-0\"><span data-offset-key=\"7lbv8-0-0\">Salari\u00e9s ou travailleurs dit autonomes, priv\u00e9s d\u2019emploi, retrait\u00e9s, jeunes sont mis en opposition pour ne pas solliciter les moyens financiers existants, ni r\u00e9partir les richesses produites par le travail.<\/span><\/p>\n<p class=\"_1mf _1mj\" style=\"text-align: center;\" data-offset-key=\"4n1ir-0-0\"><span data-offset-key=\"4n1ir-0-0\">Les mouvements sociaux se multiplient dans de nombreuses professions. Face aux attaques de tous bords du patronat et du gouvernement, qui ne se sont jamais sentis aussi fort pour mener \u00e0 bien leur oeuvre de destructions des acquis sociaux du monde du travail (code du travail, protection sociale, retraite \u2026), il est plus que n\u00e9cessaire d\u2019\u00e9lever le rapport de forces.<\/span><\/p>\n<div class=\"\" data-block=\"true\" data-editor=\"4hefe\" data-offset-key=\"aftlb-0-0\">\n<p class=\"_1mf _1mj\" style=\"text-align: center;\" data-offset-key=\"aftlb-0-0\"><span data-offset-key=\"aftlb-0-0\">Cheminot-e-s, H\u00f4spitalier-e-s (urgences, EHPAD, psy), A\u00e9roports, \u00c9boueurs, Postier-e-s, Inspec-teurs-trices du travail, Electri-ciens-ciennes et Gaziers, Retrait\u00e9-e-s, paysans, profs, \u00e9tudiant-e-s, fonctionnaires, magistrat-e-s et avocat-e-s, salari\u00e9-e-s de Carrefour\u2026<\/span><\/p>\n<p class=\"_1mf _1mj\" style=\"text-align: center;\" data-offset-key=\"aftlb-0-0\"><span data-offset-key=\"aftlb-0-0\">TOUTES ET TOUS ENSEMBLE LE 01 MAI 2018 !<\/span><\/p>\n<p style=\"text-align: center;\" data-offset-key=\"aftlb-0-0\">ON LUTTE ENSEMBLE, ON GAGNE ENSEMBLE !<\/p>\n<\/div>\n","protected":false},"excerpt":{"rendered":"<p>Anim\u00e9s par la seule volont\u00e9 de r\u00e9pondre aux int\u00e9r\u00eats individuels de quelques \u00ab premiers de cord\u00e9es \u00bb, aux revendications du Medef, le gouvernement et la majorit\u00e9 parlementaire s\u2019inscrivent dans une remise en cause profonde de notre mod\u00e8le de soci\u00e9t\u00e9. Salari\u00e9s ou travailleurs dit autonomes, priv\u00e9s d\u2019emploi, retrait\u00e9s, jeunes sont mis en opposition pour ne pas [&hellip;]<\/p>\n","protected":false},"author":3,"featured_media":0,"comment_status":"closed","ping_status":"open","sticky":false,"template":"","format":"standard","meta":[],"categories":[1],"tags":[],"_links":{"self":[{"href":"http:\/\/www.ulcgt69villefranche.fr\/index.php?rest_route=\/wp\/v2\/posts\/2435"}],"collection":[{"href":"http:\/\/www.ulcgt69villefranche.fr\/index.php?rest_route=\/wp\/v2\/posts"}],"about":[{"href":"http:\/\/www.ulcgt69villefranche.fr\/index.php?rest_route=\/wp\/v2\/types\/post"}],"author":[{"embeddable":true,"href":"http:\/\/www.ulcgt69villefranche.fr\/index.php?rest_route=\/wp\/v2\/users\/3"}],"replies":[{"embeddable":true,"href":"http:\/\/www.ulcgt69villefranche.fr\/index.php?rest_route=%2Fwp%2Fv2%2Fcomments&post=2435"}],"version-history":[{"count":6,"href":"http:\/\/www.ulcgt69villefranche.fr\/index.php?rest_route=\/wp\/v2\/posts\/2435\/revisions"}],"predecessor-version":[{"id":2441,"href":"http:\/\/www.ulcgt69villefranche.fr\/index.php?rest_route=\/wp\/v2\/posts\/2435\/revisions\/2441"}],"wp:attachment":[{"href":"http:\/\/www.ulcgt69villefranche.fr\/index.php?rest_route=%2Fwp%2Fv2%2Fmedia&parent=2435"}],"wp:term":[{"taxonomy":"category","embeddable":true,"href":"http:\/\/www.ulcgt69villefranche.fr\/index.php?rest_route=%2Fwp%2Fv2%2Fcategories&post=2435"},{"taxonomy":"post_tag","embeddable":true,"href":"http:\/\/www.ulcgt69villefranche.fr\/index.php?rest_route=%2Fwp%2Fv2%2Ftags&post=2435"}],"curies":[{"name":"wp","href":"https:\/\/api.w.org\/{rel}","templated":true}]}}