{"id":2424,"date":"2018-04-13T09:47:40","date_gmt":"2018-04-13T07:47:40","guid":{"rendered":"http:\/\/www.ulcgt69villefranche.fr\/?p=2424"},"modified":"2018-04-20T08:54:13","modified_gmt":"2018-04-20T06:54:13","slug":"19-04-18-manifestation-a-villefranche","status":"publish","type":"post","link":"http:\/\/www.ulcgt69villefranche.fr\/?p=2424","title":{"rendered":"19\/04\/18 : MANIFESTATION A VILLEFRANCHE"},"content":{"rendered":"<p style=\"text-align: center;\"><strong>TOUTES ET TOUS ENSEMBLE DANS LA CONVERGENCE DES LUTTES<\/strong> : Cheminot-e-s, H\u00f4spitalier-e-s (urgences, EHPAD, psy), A\u00e9roports, \u00c9boueurs, Postier-e-s, Inspec-teurs-trices du travail, Electri-ciens-ciennes et Gaziers, Retrait\u00e9-e-s, paysans, profs, \u00e9tudiant-e-s, fonctionnaires, magistrat-e-s et avocat-e-s, salari\u00e9-e-s de Carrefour\u2026<img loading=\"lazy\" class=\"aligncenter size-full wp-image-2416\" src=\"http:\/\/www.ulcgt69villefranche.fr\/wp-content\/uploads\/2018\/04\/2018-04-19-affiche.jpg\" alt=\"\" width=\"490\" height=\"720\" srcset=\"http:\/\/www.ulcgt69villefranche.fr\/wp-content\/uploads\/2018\/04\/2018-04-19-affiche.jpg 490w, http:\/\/www.ulcgt69villefranche.fr\/wp-content\/uploads\/2018\/04\/2018-04-19-affiche-204x300.jpg 204w\" sizes=\"(max-width: 490px) 100vw, 490px\" \/><\/p>\n<p>\u00c7a ne peut plus durer\u00a0! \u00c7a craque absolument de partout\u00a0! C\u2019est comme si la col\u00e8re, l\u2019exasp\u00e9ration trop longtemps contenues se lib\u00e9raient collectivement, prenant appui sur des mouvements sectoriels, d\u2019entreprises depuis des mois et des mois.<\/p>\n<p>Les salari\u00e9-e-s de Carrefour envahissent leurs magasins, le sourire aux l\u00e8vres, la parole et dignit\u00e9 retrouv\u00e9e, fraternels, solidaires dans l\u2019unit\u00e9. Les cheminots, les gaziers et \u00e9nerg\u00e9ticiens organisent et construisent leur gr\u00e8ve dans la dur\u00e9e, la visibilit\u00e9 des convergences solidaires lors de manifestations avec d\u2019autres secteurs en lien avec les UD et les UL. Des d\u00e9bats s\u2019organisent ici et l\u00e0 sur le besoin imp\u00e9ratif du service public pour faire soci\u00e9t\u00e9, sur la n\u00e9cessit\u00e9 de s\u00e9curiser le travail et les travailleurs par des droits individuels garanties collectivement&#8230;.<\/p>\n<p>Face \u00e0 l\u2019offensive g\u00e9n\u00e9rale si brutale du gouvernement et du patronat, le monde du travail, les retrait\u00e9s, les jeunes et les salari\u00e9s priv\u00e9s d\u2019emplois ont visiblement d\u00e9cid\u00e9 de se faire entendre, ensemble, tous ensemble. La puissance et le pouvoir d\u2019agir de chacune et de chacun emp\u00each\u00e9s au travail et dans la cit\u00e9 gagnent du terrain, sereinement, pas \u00e0 pas, inexorablement\u2026<\/p>\n<p>Cette mobilisation d\u2019envergure fait ressurgir 50 ans apr\u00e8s 1968, l\u2019espoir d\u2019un mouvement social qui puisse imposer des succ\u00e8s revendicatifs, une autre r\u00e9partition de la richesse cr\u00e9\u00e9e par notre travail, d\u2019autres choix politiques pour penser un autre mode de d\u00e9veloppement, l\u2019humain, l\u2019environnement, la d\u00e9mocratie au c\u0153ur.<\/p>\n<p>Mais chacune, chacun le sent, cette perspective d\u00e9pendra avant tout dans notre capacit\u00e9 individuelle et collective \u00e0 ne rien c\u00e9der, \u00e0 ne rien l\u00e2cher sur nos revendications et \u00e0 gagner l\u2019\u00e9largissement \u00e0 d\u2019autres entreprises, secteurs, jour apr\u00e8s jour, d\u00e9cid\u00e9 collectivement sur chaque lieu de travail.<\/p>\n<p><a href=\"http:\/\/www.ulcgt69villefranche.fr\/wp-content\/uploads\/2018\/04\/2018-04-19-Affiche.pdf\" target=\"_blank\" rel=\"noopener\">Imprimer l&rsquo;affiche<\/a><\/p>\n<p><a href=\"http:\/\/www.ulcgt69villefranche.fr\/wp-content\/uploads\/2018\/04\/2018-04-19-Tract-UL-convergence.pdf\" target=\"_blank\" rel=\"noopener\">Imprimer le tract<\/a><\/p>\n","protected":false},"excerpt":{"rendered":"<p>TOUTES ET TOUS ENSEMBLE DANS LA CONVERGENCE DES LUTTES : Cheminot-e-s, H\u00f4spitalier-e-s (urgences, EHPAD, psy), A\u00e9roports, \u00c9boueurs, Postier-e-s, Inspec-teurs-trices du travail, Electri-ciens-ciennes et Gaziers, Retrait\u00e9-e-s, paysans, profs, \u00e9tudiant-e-s, fonctionnaires, magistrat-e-s et avocat-e-s, salari\u00e9-e-s de Carrefour\u2026 \u00c7a ne peut plus durer\u00a0! \u00c7a craque absolument de partout\u00a0! C\u2019est comme si la col\u00e8re, l\u2019exasp\u00e9ration trop longtemps contenues se [&hellip;]<\/p>\n","protected":false},"author":3,"featured_media":0,"comment_status":"closed","ping_status":"open","sticky":false,"template":"","format":"standard","meta":[],"categories":[1],"tags":[],"_links":{"self":[{"href":"http:\/\/www.ulcgt69villefranche.fr\/index.php?rest_route=\/wp\/v2\/posts\/2424"}],"collection":[{"href":"http:\/\/www.ulcgt69villefranche.fr\/index.php?rest_route=\/wp\/v2\/posts"}],"about":[{"href":"http:\/\/www.ulcgt69villefranche.fr\/index.php?rest_route=\/wp\/v2\/types\/post"}],"author":[{"embeddable":true,"href":"http:\/\/www.ulcgt69villefranche.fr\/index.php?rest_route=\/wp\/v2\/users\/3"}],"replies":[{"embeddable":true,"href":"http:\/\/www.ulcgt69villefranche.fr\/index.php?rest_route=%2Fwp%2Fv2%2Fcomments&post=2424"}],"version-history":[{"count":4,"href":"http:\/\/www.ulcgt69villefranche.fr\/index.php?rest_route=\/wp\/v2\/posts\/2424\/revisions"}],"predecessor-version":[{"id":2429,"href":"http:\/\/www.ulcgt69villefranche.fr\/index.php?rest_route=\/wp\/v2\/posts\/2424\/revisions\/2429"}],"wp:attachment":[{"href":"http:\/\/www.ulcgt69villefranche.fr\/index.php?rest_route=%2Fwp%2Fv2%2Fmedia&parent=2424"}],"wp:term":[{"taxonomy":"category","embeddable":true,"href":"http:\/\/www.ulcgt69villefranche.fr\/index.php?rest_route=%2Fwp%2Fv2%2Fcategories&post=2424"},{"taxonomy":"post_tag","embeddable":true,"href":"http:\/\/www.ulcgt69villefranche.fr\/index.php?rest_route=%2Fwp%2Fv2%2Ftags&post=2424"}],"curies":[{"name":"wp","href":"https:\/\/api.w.org\/{rel}","templated":true}]}}