{"id":2419,"date":"2018-04-13T09:34:01","date_gmt":"2018-04-13T07:34:01","guid":{"rendered":"http:\/\/www.ulcgt69villefranche.fr\/?p=2419"},"modified":"2018-04-13T09:34:01","modified_gmt":"2018-04-13T07:34:01","slug":"24-04-18-rassemblement-devant-lhopital-de-st-cyr-au-mont-dor","status":"publish","type":"post","link":"http:\/\/www.ulcgt69villefranche.fr\/?p=2419","title":{"rendered":"24\/04\/18 : RASSEMBLEMENT DEVANT L&rsquo;H\u00d4PITAL DE ST CYR AU MONT D&rsquo;OR"},"content":{"rendered":"<p style=\"text-align: center;\"><a href=\"http:\/\/www.ulcgt69villefranche.fr\/wp-content\/uploads\/2018\/04\/2018-04-24-St-Cyr-au-Mont-d-Or.pdf\" target=\"_blank\" rel=\"noopener\">Lire le tract<\/a><\/p>\n<p style=\"text-align: center;\"><strong>Depuis le 1<sup>er<\/sup> Janvier la Direction du CHS de St Cyr au Mt D\u2019Or a d\u00e9cid\u00e9 de faire appliquer une surfacturation pour l\u2019occupation des chambres individuelles dans certains services. <\/strong><\/p>\n<p style=\"text-align: center;\"><strong>Nous devons collectivement affirmer notre refus cat\u00e9gorique de la surfacturation et de toutes les man\u0153uvres de d\u00e9gradation du service public, mesures d\u00e9shumanisantes, m\u00e9prisantes et m\u00e9prisables.<\/strong><\/p>\n<p style=\"text-align: center;\"><strong>Les professionnels\u00a0 y perdent leur \u00e2me et leur dignit\u00e9. Les patients y perdent toute \u00e9galit\u00e9 face \u00e0 des soins de qualit\u00e9. <\/strong><\/p>\n<p style=\"text-align: center;\"><b>AVEC NOS <\/b><span style=\"color: #000000;\"><b>COLL\u00c8GUES<\/b><\/span><b>\u00a0DU VINATIER, DE ST JEAN DE DIEU, <\/b><strong>DE ST EGREVE e<\/strong><strong>t du Collectif CGT r\u00e9gional psychiatrique,<\/strong><\/p>\n<p style=\"text-align: center;\"><strong>\u00a0<\/strong><b>UNIS POUR <\/b><u><b>LA D\u00c9FENSE\u00a0DU SOIN ET DU SERVICE PUBLIC<\/b><\/u><b>,<\/b><\/p>\n<h1 style=\"text-align: center;\"><span style=\"color: #ff0000;\"><strong>\u00a0<\/strong><strong>NOUS VOUS DONNONS RENDEZ-VOUS\u00a0 LE MARDI 24 AVRIL 2018 A PARTIR DE 8H00 DEVANT L\u2019H\u00d4PITAL DE ST CYR AU MONT D&rsquo;OR POUR UN GRAND RASSEMBLEMENT. <\/strong><\/span><\/h1>\n<p style=\"text-align: center;\"><strong>\u00a0<\/strong><strong>Un pr\u00e9avis de gr\u00e8ve a \u00e9t\u00e9 d\u00e9pos\u00e9 pour tous les agents du CHS de St Cyr.\u00a0<\/strong><strong>Vous pouvez vous d\u00e9clarer gr\u00e9vistes 1h, 2h \u2026 ou plus,<\/strong><strong>\u00a0ou utiliser l\u2019heure d\u2019information mensuelle syndicale<\/strong><strong>.<\/strong><\/p>\n","protected":false},"excerpt":{"rendered":"<p>Lire le tract Depuis le 1er Janvier la Direction du CHS de St Cyr au Mt D\u2019Or a d\u00e9cid\u00e9 de faire appliquer une surfacturation pour l\u2019occupation des chambres individuelles dans certains services. Nous devons collectivement affirmer notre refus cat\u00e9gorique de la surfacturation et de toutes les man\u0153uvres de d\u00e9gradation du service public, mesures d\u00e9shumanisantes, m\u00e9prisantes [&hellip;]<\/p>\n","protected":false},"author":3,"featured_media":0,"comment_status":"closed","ping_status":"open","sticky":false,"template":"","format":"standard","meta":[],"categories":[1],"tags":[],"_links":{"self":[{"href":"http:\/\/www.ulcgt69villefranche.fr\/index.php?rest_route=\/wp\/v2\/posts\/2419"}],"collection":[{"href":"http:\/\/www.ulcgt69villefranche.fr\/index.php?rest_route=\/wp\/v2\/posts"}],"about":[{"href":"http:\/\/www.ulcgt69villefranche.fr\/index.php?rest_route=\/wp\/v2\/types\/post"}],"author":[{"embeddable":true,"href":"http:\/\/www.ulcgt69villefranche.fr\/index.php?rest_route=\/wp\/v2\/users\/3"}],"replies":[{"embeddable":true,"href":"http:\/\/www.ulcgt69villefranche.fr\/index.php?rest_route=%2Fwp%2Fv2%2Fcomments&post=2419"}],"version-history":[{"count":4,"href":"http:\/\/www.ulcgt69villefranche.fr\/index.php?rest_route=\/wp\/v2\/posts\/2419\/revisions"}],"predecessor-version":[{"id":2423,"href":"http:\/\/www.ulcgt69villefranche.fr\/index.php?rest_route=\/wp\/v2\/posts\/2419\/revisions\/2423"}],"wp:attachment":[{"href":"http:\/\/www.ulcgt69villefranche.fr\/index.php?rest_route=%2Fwp%2Fv2%2Fmedia&parent=2419"}],"wp:term":[{"taxonomy":"category","embeddable":true,"href":"http:\/\/www.ulcgt69villefranche.fr\/index.php?rest_route=%2Fwp%2Fv2%2Fcategories&post=2419"},{"taxonomy":"post_tag","embeddable":true,"href":"http:\/\/www.ulcgt69villefranche.fr\/index.php?rest_route=%2Fwp%2Fv2%2Ftags&post=2419"}],"curies":[{"name":"wp","href":"https:\/\/api.w.org\/{rel}","templated":true}]}}