{"id":2375,"date":"2018-03-27T15:55:36","date_gmt":"2018-03-27T13:55:36","guid":{"rendered":"http:\/\/www.ulcgt69villefranche.fr\/?p=2375"},"modified":"2018-03-27T16:04:05","modified_gmt":"2018-03-27T14:04:05","slug":"030418-rassemblement-pole-emploi","status":"publish","type":"post","link":"http:\/\/www.ulcgt69villefranche.fr\/?p=2375","title":{"rendered":"03\/04\/18 : RASSEMBLEMENT P\u00d4LE EMPLOI"},"content":{"rendered":"<div><a href=\"http:\/\/www.ulcgt69villefranche.fr\/wp-content\/uploads\/2016\/06\/chomeurs-rebelles.gif\"><img loading=\"lazy\" class=\"aligncenter size-full wp-image-1942\" src=\"http:\/\/www.ulcgt69villefranche.fr\/wp-content\/uploads\/2016\/06\/chomeurs-rebelles.gif\" alt=\"\" width=\"108\" height=\"171\" \/><\/a><\/div>\n<div><span style=\"color: #ff0000;\"><strong>\u00a0Mardi 03 Avril 2018 de 8H30 \u00e0 12H30<\/strong><\/span> l&rsquo;union locale CGT de Villefranche pr\u00e9sentera les mille signatures recueillis <span style=\"color: #ff0000;\"><strong>devant le P\u00f4le Emploi de Villefranche<\/strong> <\/span>POUR la r\u00e9ouverture de l&rsquo;agence les apr\u00e8s-midi. POUR un meilleur accueil. POUR\u00a0plus de conseillers&#8230;<\/div>\n<div>POUR que P\u00f4le Emploi arr\u00eate de profiter des services civiques qui sont plein de bonnes volont\u00e9s mais sous pay\u00e9s. POUR avoir acc\u00e8s \u00e0 un service t\u00e9l\u00e9phonique \u00e0 P\u00f4le Emploi (le seul t\u00e9l\u00e9phone ne fonctionne plus).<\/div>\n<div>POUR plus de conseillers indemnisations \u00e0 l&rsquo;accueil (un seul le matin pour 8000 Demandeurs d&rsquo;Emploi c&rsquo;est tr\u00e8s insuffisant). CONTRE\u00a0le tout-internet.<\/div>\n<div><\/div>\n<div>Le photocopieur a \u00e9t\u00e9 remis en service le 20 Mars apr\u00e8s des ann\u00e9es de hors service. C&rsquo;est la preuve que la mobilisation fait bouger les lignes et que petit \u00e0 petit P\u00f4le Emploi devra respecter les r\u00e8gles.<\/div>\n<div><\/div>\n<div>Rappelons que la mission premi\u00e8re de P\u00f4le Emploi est de trouver du travail aux priv\u00e9s d&#8217;emploi et pr\u00e9caires et pas de les contr\u00f4ler de fa\u00e7on mal-honn\u00eate.<\/div>\n<div><\/div>\n<div>Pour plus de renseignements, contactez le comit\u00e9 des travailleurs priv\u00e9s d&#8217;emploi et pr\u00e9caires de l&rsquo;Union Locale CGT de Villefranche sur Sa\u00f4ne.<\/div>\n","protected":false},"excerpt":{"rendered":"<p>\u00a0Mardi 03 Avril 2018 de 8H30 \u00e0 12H30 l&rsquo;union locale CGT de Villefranche pr\u00e9sentera les mille signatures recueillis devant le P\u00f4le Emploi de Villefranche POUR la r\u00e9ouverture de l&rsquo;agence les apr\u00e8s-midi. POUR un meilleur accueil. POUR\u00a0plus de conseillers&#8230; POUR que P\u00f4le Emploi arr\u00eate de profiter des services civiques qui sont plein de bonnes volont\u00e9s mais [&hellip;]<\/p>\n","protected":false},"author":3,"featured_media":0,"comment_status":"closed","ping_status":"open","sticky":false,"template":"","format":"standard","meta":[],"categories":[1],"tags":[],"_links":{"self":[{"href":"http:\/\/www.ulcgt69villefranche.fr\/index.php?rest_route=\/wp\/v2\/posts\/2375"}],"collection":[{"href":"http:\/\/www.ulcgt69villefranche.fr\/index.php?rest_route=\/wp\/v2\/posts"}],"about":[{"href":"http:\/\/www.ulcgt69villefranche.fr\/index.php?rest_route=\/wp\/v2\/types\/post"}],"author":[{"embeddable":true,"href":"http:\/\/www.ulcgt69villefranche.fr\/index.php?rest_route=\/wp\/v2\/users\/3"}],"replies":[{"embeddable":true,"href":"http:\/\/www.ulcgt69villefranche.fr\/index.php?rest_route=%2Fwp%2Fv2%2Fcomments&post=2375"}],"version-history":[{"count":6,"href":"http:\/\/www.ulcgt69villefranche.fr\/index.php?rest_route=\/wp\/v2\/posts\/2375\/revisions"}],"predecessor-version":[{"id":2383,"href":"http:\/\/www.ulcgt69villefranche.fr\/index.php?rest_route=\/wp\/v2\/posts\/2375\/revisions\/2383"}],"wp:attachment":[{"href":"http:\/\/www.ulcgt69villefranche.fr\/index.php?rest_route=%2Fwp%2Fv2%2Fmedia&parent=2375"}],"wp:term":[{"taxonomy":"category","embeddable":true,"href":"http:\/\/www.ulcgt69villefranche.fr\/index.php?rest_route=%2Fwp%2Fv2%2Fcategories&post=2375"},{"taxonomy":"post_tag","embeddable":true,"href":"http:\/\/www.ulcgt69villefranche.fr\/index.php?rest_route=%2Fwp%2Fv2%2Ftags&post=2375"}],"curies":[{"name":"wp","href":"https:\/\/api.w.org\/{rel}","templated":true}]}}