{"id":2360,"date":"2018-03-16T09:22:51","date_gmt":"2018-03-16T08:22:51","guid":{"rendered":"http:\/\/www.ulcgt69villefranche.fr\/?p=2360"},"modified":"2018-03-26T11:11:17","modified_gmt":"2018-03-26T09:11:17","slug":"22032018-et-si-on-y-allait-tous-ensemble","status":"publish","type":"post","link":"http:\/\/www.ulcgt69villefranche.fr\/?p=2360","title":{"rendered":"22\/03\/2018 : ET SI ON Y ALLAIT TOUS ENSEMBLE !!!"},"content":{"rendered":"<h1 style=\"text-align: center;\">JEUDI 22 MARS 2018<\/h1>\n<h1 style=\"text-align: center;\">MANIFESTATION \u00c0 VILLEFRANCHE<\/h1>\n<h1 style=\"text-align: center;\">D\u00c9PART 17H PLACE DES ARTS<\/h1>\n<p>Convergence des luttes : Les f\u00e9d\u00e9rations CGT des Cheminots, Mines et \u00e9nergies, Sant\u00e9 et Action Sociale, Organismes sociaux, Chimie, \u00c9ducation,&#8230; appellent \u00e9galement \u00e0 la gr\u00e8ve le 22 mars: TOUTES ET TOUS CONCERN-\u00c9-E-S !!!<\/p>\n<p><a href=\"http:\/\/www.ulcgt69villefranche.fr\/wp-content\/uploads\/2018\/03\/Banni\u00e8re-22-mars-2018.jpg\"><img loading=\"lazy\" class=\"aligncenter size-full wp-image-2363\" src=\"http:\/\/www.ulcgt69villefranche.fr\/wp-content\/uploads\/2018\/03\/Banni\u00e8re-22-mars-2018.jpg\" alt=\"\" width=\"851\" height=\"315\" srcset=\"http:\/\/www.ulcgt69villefranche.fr\/wp-content\/uploads\/2018\/03\/Banni\u00e8re-22-mars-2018.jpg 851w, http:\/\/www.ulcgt69villefranche.fr\/wp-content\/uploads\/2018\/03\/Banni\u00e8re-22-mars-2018-300x111.jpg 300w, http:\/\/www.ulcgt69villefranche.fr\/wp-content\/uploads\/2018\/03\/Banni\u00e8re-22-mars-2018-768x284.jpg 768w\" sizes=\"(max-width: 851px) 100vw, 851px\" \/><\/a><\/p>\n<p><a href=\"http:\/\/www.ulcgt69villefranche.fr\/wp-content\/uploads\/2018\/03\/2018-03-22-Allocution-UL.pdf\" target=\"_blank\" rel=\"noopener\">Lire l&rsquo;allocution de l&rsquo;UL CGT Villefranche<\/a><\/p>\n<p><a href=\"http:\/\/www.ulcgt69villefranche.fr\/wp-content\/uploads\/2018\/03\/2018-03-22-Tract-UL-Villefranche.pdf\" target=\"_blank\" rel=\"noopener\">Lire le tract<\/a><\/p>\n<p><a href=\"http:\/\/www.ulcgt69villefranche.fr\/wp-content\/uploads\/2018\/03\/2018_03_22_4PAGES_CONVERGENCE.pdf\" target=\"_blank\" rel=\"noopener\">Lire le 4 pages<\/a><\/p>\n<p><a href=\"http:\/\/www.ulcgt69villefranche.fr\/wp-content\/uploads\/2018\/03\/2018-03-22-Affiche.pdf\" target=\"_blank\" rel=\"noopener\">Affiche UL A3<\/a><\/p>\n","protected":false},"excerpt":{"rendered":"<p>JEUDI 22 MARS 2018 MANIFESTATION \u00c0 VILLEFRANCHE D\u00c9PART 17H PLACE DES ARTS Convergence des luttes : Les f\u00e9d\u00e9rations CGT des Cheminots, Mines et \u00e9nergies, Sant\u00e9 et Action Sociale, Organismes sociaux, Chimie, \u00c9ducation,&#8230; appellent \u00e9galement \u00e0 la gr\u00e8ve le 22 mars: TOUTES ET TOUS CONCERN-\u00c9-E-S !!! Lire l&rsquo;allocution de l&rsquo;UL CGT Villefranche Lire le tract Lire [&hellip;]<\/p>\n","protected":false},"author":3,"featured_media":0,"comment_status":"closed","ping_status":"open","sticky":false,"template":"","format":"standard","meta":[],"categories":[1],"tags":[],"_links":{"self":[{"href":"http:\/\/www.ulcgt69villefranche.fr\/index.php?rest_route=\/wp\/v2\/posts\/2360"}],"collection":[{"href":"http:\/\/www.ulcgt69villefranche.fr\/index.php?rest_route=\/wp\/v2\/posts"}],"about":[{"href":"http:\/\/www.ulcgt69villefranche.fr\/index.php?rest_route=\/wp\/v2\/types\/post"}],"author":[{"embeddable":true,"href":"http:\/\/www.ulcgt69villefranche.fr\/index.php?rest_route=\/wp\/v2\/users\/3"}],"replies":[{"embeddable":true,"href":"http:\/\/www.ulcgt69villefranche.fr\/index.php?rest_route=%2Fwp%2Fv2%2Fcomments&post=2360"}],"version-history":[{"count":10,"href":"http:\/\/www.ulcgt69villefranche.fr\/index.php?rest_route=\/wp\/v2\/posts\/2360\/revisions"}],"predecessor-version":[{"id":2374,"href":"http:\/\/www.ulcgt69villefranche.fr\/index.php?rest_route=\/wp\/v2\/posts\/2360\/revisions\/2374"}],"wp:attachment":[{"href":"http:\/\/www.ulcgt69villefranche.fr\/index.php?rest_route=%2Fwp%2Fv2%2Fmedia&parent=2360"}],"wp:term":[{"taxonomy":"category","embeddable":true,"href":"http:\/\/www.ulcgt69villefranche.fr\/index.php?rest_route=%2Fwp%2Fv2%2Fcategories&post=2360"},{"taxonomy":"post_tag","embeddable":true,"href":"http:\/\/www.ulcgt69villefranche.fr\/index.php?rest_route=%2Fwp%2Fv2%2Ftags&post=2360"}],"curies":[{"name":"wp","href":"https:\/\/api.w.org\/{rel}","templated":true}]}}