{"id":2330,"date":"2018-03-01T18:01:49","date_gmt":"2018-03-01T17:01:49","guid":{"rendered":"http:\/\/www.ulcgt69villefranche.fr\/?p=2330"},"modified":"2018-03-01T18:02:34","modified_gmt":"2018-03-01T17:02:34","slug":"080318-journee-internationale-de-lutte-pour-les-droits-des-femmes","status":"publish","type":"post","link":"http:\/\/www.ulcgt69villefranche.fr\/?p=2330","title":{"rendered":"08\/03\/18 : Journ\u00e9e internationale de lutte pour les droits des femmes"},"content":{"rendered":"<table>\n<tbody>\n<tr>\n<td>\n<h1 style=\"text-align: center;\"><span style=\"color: #ff0000;\"><strong><u>8 MARS 2018<\/u><\/strong><\/span><\/h1>\n<h2 style=\"text-align: center;\"><span style=\"color: #008000;\"><b><u>JOURN\u00c9E<\/u><\/b><strong><u>\u00a0INTERNATIONALE DE LUTTE POUR LES DROITS DES FEMMES<\/u><\/strong><\/span><\/h2>\n<p style=\"text-align: center;\"><b>L\u2019UL ET FEMMES-<\/b><span style=\"color: #000000;\"><b>\u00c9GALIT\u00c9<\/b><\/span><b>\u00a0vous donnent rendez vous \u00e0 <span style=\"color: #ff0000;\">15 h 30 devant le Carrefour Market<\/span> vers le parking de la gare. Le cort\u00e8ge d\u00e9ambulera sur le parvis de la gare o\u00f9 auront lieu des animations\u00a0: sketchs, chants\u2026\u2026<\/b><\/p>\n<p style=\"text-align: center;\"><b><a href=\"http:\/\/www.ulcgt69villefranche.fr\/wp-content\/uploads\/2018\/03\/journ\u00e9e-internationale-pour-la-lutte-des-droits-des-femmes.jpg\"><img loading=\"lazy\" class=\"aligncenter wp-image-2335\" src=\"http:\/\/www.ulcgt69villefranche.fr\/wp-content\/uploads\/2018\/03\/journ\u00e9e-internationale-pour-la-lutte-des-droits-des-femmes.jpg\" alt=\"\" width=\"441\" height=\"624\" srcset=\"http:\/\/www.ulcgt69villefranche.fr\/wp-content\/uploads\/2018\/03\/journ\u00e9e-internationale-pour-la-lutte-des-droits-des-femmes.jpg 678w, http:\/\/www.ulcgt69villefranche.fr\/wp-content\/uploads\/2018\/03\/journ\u00e9e-internationale-pour-la-lutte-des-droits-des-femmes-212x300.jpg 212w\" sizes=\"(max-width: 441px) 100vw, 441px\" \/><\/a><\/b><\/p>\n<\/td>\n<\/tr>\n<\/tbody>\n<\/table>\n","protected":false},"excerpt":{"rendered":"<p>8 MARS 2018 JOURN\u00c9E\u00a0INTERNATIONALE DE LUTTE POUR LES DROITS DES FEMMES L\u2019UL ET FEMMES-\u00c9GALIT\u00c9\u00a0vous donnent rendez vous \u00e0 15 h 30 devant le Carrefour Market vers le parking de la gare. Le cort\u00e8ge d\u00e9ambulera sur le parvis de la gare o\u00f9 auront lieu des animations\u00a0: sketchs, chants\u2026\u2026<\/p>\n","protected":false},"author":3,"featured_media":0,"comment_status":"closed","ping_status":"open","sticky":false,"template":"","format":"standard","meta":[],"categories":[1],"tags":[],"_links":{"self":[{"href":"http:\/\/www.ulcgt69villefranche.fr\/index.php?rest_route=\/wp\/v2\/posts\/2330"}],"collection":[{"href":"http:\/\/www.ulcgt69villefranche.fr\/index.php?rest_route=\/wp\/v2\/posts"}],"about":[{"href":"http:\/\/www.ulcgt69villefranche.fr\/index.php?rest_route=\/wp\/v2\/types\/post"}],"author":[{"embeddable":true,"href":"http:\/\/www.ulcgt69villefranche.fr\/index.php?rest_route=\/wp\/v2\/users\/3"}],"replies":[{"embeddable":true,"href":"http:\/\/www.ulcgt69villefranche.fr\/index.php?rest_route=%2Fwp%2Fv2%2Fcomments&post=2330"}],"version-history":[{"count":6,"href":"http:\/\/www.ulcgt69villefranche.fr\/index.php?rest_route=\/wp\/v2\/posts\/2330\/revisions"}],"predecessor-version":[{"id":2337,"href":"http:\/\/www.ulcgt69villefranche.fr\/index.php?rest_route=\/wp\/v2\/posts\/2330\/revisions\/2337"}],"wp:attachment":[{"href":"http:\/\/www.ulcgt69villefranche.fr\/index.php?rest_route=%2Fwp%2Fv2%2Fmedia&parent=2330"}],"wp:term":[{"taxonomy":"category","embeddable":true,"href":"http:\/\/www.ulcgt69villefranche.fr\/index.php?rest_route=%2Fwp%2Fv2%2Fcategories&post=2330"},{"taxonomy":"post_tag","embeddable":true,"href":"http:\/\/www.ulcgt69villefranche.fr\/index.php?rest_route=%2Fwp%2Fv2%2Ftags&post=2330"}],"curies":[{"name":"wp","href":"https:\/\/api.w.org\/{rel}","templated":true}]}}