{"id":2321,"date":"2018-03-01T17:44:42","date_gmt":"2018-03-01T16:44:42","guid":{"rendered":"http:\/\/www.ulcgt69villefranche.fr\/?p=2321"},"modified":"2018-03-01T17:52:45","modified_gmt":"2018-03-01T16:52:45","slug":"150318-la-colere-gronde-parmi-les-retraitees","status":"publish","type":"post","link":"http:\/\/www.ulcgt69villefranche.fr\/?p=2321","title":{"rendered":"15\/03\/18 : La col\u00e8re gronde parmi les retrait\u00e9(e)s"},"content":{"rendered":"<p style=\"text-align: center;\"><a href=\"http:\/\/www.ulcgt69villefranche.fr\/wp-content\/uploads\/2018\/03\/LA-COLERE-GRONDE-PARMI-LES-RETRAITES.pdf\" target=\"_blank\" rel=\"noopener\">LA COL\u00c8RE GRONDE PARMI LES RETRAIT\u00c9(E)S<\/a><\/p>\n<p style=\"text-align: center;\"><strong><span style=\"color: #ff0000;\">Retrait\u00e9(e)s de la r\u00e9gion beaujolaise rendez-vous le 15\/03\/18 \u00e0 10h30 \u00e0 Villefranche<\/span><\/strong><br \/>\nPlace Claude Bernard (Porte de Belleville) ou Place de la Lib\u00e9ration (Promenoir)<br \/>\nPuis nous nous rendrons toutes et tous ensemble Place des Arts<a href=\"http:\/\/www.ulcgt69villefranche.fr\/wp-content\/uploads\/2018\/03\/images.jpg\"><img loading=\"lazy\" class=\"wp-image-2323 aligncenter\" src=\"http:\/\/www.ulcgt69villefranche.fr\/wp-content\/uploads\/2018\/03\/images.jpg\" alt=\"\" width=\"429\" height=\"557\" \/><\/a><\/p>\n","protected":false},"excerpt":{"rendered":"<p>LA COL\u00c8RE GRONDE PARMI LES RETRAIT\u00c9(E)S Retrait\u00e9(e)s de la r\u00e9gion beaujolaise rendez-vous le 15\/03\/18 \u00e0 10h30 \u00e0 Villefranche Place Claude Bernard (Porte de Belleville) ou Place de la Lib\u00e9ration (Promenoir) Puis nous nous rendrons toutes et tous ensemble Place des Arts<\/p>\n","protected":false},"author":3,"featured_media":0,"comment_status":"closed","ping_status":"open","sticky":false,"template":"","format":"standard","meta":[],"categories":[1],"tags":[],"_links":{"self":[{"href":"http:\/\/www.ulcgt69villefranche.fr\/index.php?rest_route=\/wp\/v2\/posts\/2321"}],"collection":[{"href":"http:\/\/www.ulcgt69villefranche.fr\/index.php?rest_route=\/wp\/v2\/posts"}],"about":[{"href":"http:\/\/www.ulcgt69villefranche.fr\/index.php?rest_route=\/wp\/v2\/types\/post"}],"author":[{"embeddable":true,"href":"http:\/\/www.ulcgt69villefranche.fr\/index.php?rest_route=\/wp\/v2\/users\/3"}],"replies":[{"embeddable":true,"href":"http:\/\/www.ulcgt69villefranche.fr\/index.php?rest_route=%2Fwp%2Fv2%2Fcomments&post=2321"}],"version-history":[{"count":7,"href":"http:\/\/www.ulcgt69villefranche.fr\/index.php?rest_route=\/wp\/v2\/posts\/2321\/revisions"}],"predecessor-version":[{"id":2329,"href":"http:\/\/www.ulcgt69villefranche.fr\/index.php?rest_route=\/wp\/v2\/posts\/2321\/revisions\/2329"}],"wp:attachment":[{"href":"http:\/\/www.ulcgt69villefranche.fr\/index.php?rest_route=%2Fwp%2Fv2%2Fmedia&parent=2321"}],"wp:term":[{"taxonomy":"category","embeddable":true,"href":"http:\/\/www.ulcgt69villefranche.fr\/index.php?rest_route=%2Fwp%2Fv2%2Fcategories&post=2321"},{"taxonomy":"post_tag","embeddable":true,"href":"http:\/\/www.ulcgt69villefranche.fr\/index.php?rest_route=%2Fwp%2Fv2%2Ftags&post=2321"}],"curies":[{"name":"wp","href":"https:\/\/api.w.org\/{rel}","templated":true}]}}