{"id":2307,"date":"2018-02-13T08:56:34","date_gmt":"2018-02-13T07:56:34","guid":{"rendered":"http:\/\/www.ulcgt69villefranche.fr\/?p=2307"},"modified":"2018-02-13T12:18:49","modified_gmt":"2018-02-13T11:18:49","slug":"15022018-journee-nationale-daction-devant-les-agences-de-pole-emploi","status":"publish","type":"post","link":"http:\/\/www.ulcgt69villefranche.fr\/?p=2307","title":{"rendered":"15\/02\/2018 9H30 : Rassemblement devant l&rsquo;agence P\u00f4le-emploi de Lyon 3\u00e8me"},"content":{"rendered":"<p>Mort programm\u00e9e de l&rsquo;Assurance ch\u00f4mage : une courte vid\u00e9o pour expliquer l&rsquo;enjeu de l&rsquo;attaque de Macron contre le droit \u00e0 l&rsquo;indemnisation des priv\u00e9s d&#8217;emploi ! Le jeudi 15 f\u00e9vrier 2018 9H30 : journ\u00e9e nationale d&rsquo;action des ch\u00f4meurs CGT devant l&rsquo;agence p\u00f4le-emploi\u00a0 de Lyon 3\u00e8me !!!<\/p>\n<p><iframe loading=\"lazy\" width=\"565\" height=\"318\" src=\"https:\/\/www.youtube.com\/embed\/kwhKx1Stecw?start=5&#038;feature=oembed\" frameborder=\"0\" allow=\"autoplay; encrypted-media\" allowfullscreen><\/iframe><\/p>\n","protected":false},"excerpt":{"rendered":"<p>Mort programm\u00e9e de l&rsquo;Assurance ch\u00f4mage : une courte vid\u00e9o pour expliquer l&rsquo;enjeu de l&rsquo;attaque de Macron contre le droit \u00e0 l&rsquo;indemnisation des priv\u00e9s d&#8217;emploi ! Le jeudi 15 f\u00e9vrier 2018 9H30 : journ\u00e9e nationale d&rsquo;action des ch\u00f4meurs CGT devant l&rsquo;agence p\u00f4le-emploi\u00a0 de Lyon 3\u00e8me !!!<\/p>\n","protected":false},"author":3,"featured_media":0,"comment_status":"closed","ping_status":"open","sticky":false,"template":"","format":"standard","meta":[],"categories":[1],"tags":[],"_links":{"self":[{"href":"http:\/\/www.ulcgt69villefranche.fr\/index.php?rest_route=\/wp\/v2\/posts\/2307"}],"collection":[{"href":"http:\/\/www.ulcgt69villefranche.fr\/index.php?rest_route=\/wp\/v2\/posts"}],"about":[{"href":"http:\/\/www.ulcgt69villefranche.fr\/index.php?rest_route=\/wp\/v2\/types\/post"}],"author":[{"embeddable":true,"href":"http:\/\/www.ulcgt69villefranche.fr\/index.php?rest_route=\/wp\/v2\/users\/3"}],"replies":[{"embeddable":true,"href":"http:\/\/www.ulcgt69villefranche.fr\/index.php?rest_route=%2Fwp%2Fv2%2Fcomments&post=2307"}],"version-history":[{"count":4,"href":"http:\/\/www.ulcgt69villefranche.fr\/index.php?rest_route=\/wp\/v2\/posts\/2307\/revisions"}],"predecessor-version":[{"id":2311,"href":"http:\/\/www.ulcgt69villefranche.fr\/index.php?rest_route=\/wp\/v2\/posts\/2307\/revisions\/2311"}],"wp:attachment":[{"href":"http:\/\/www.ulcgt69villefranche.fr\/index.php?rest_route=%2Fwp%2Fv2%2Fmedia&parent=2307"}],"wp:term":[{"taxonomy":"category","embeddable":true,"href":"http:\/\/www.ulcgt69villefranche.fr\/index.php?rest_route=%2Fwp%2Fv2%2Fcategories&post=2307"},{"taxonomy":"post_tag","embeddable":true,"href":"http:\/\/www.ulcgt69villefranche.fr\/index.php?rest_route=%2Fwp%2Fv2%2Ftags&post=2307"}],"curies":[{"name":"wp","href":"https:\/\/api.w.org\/{rel}","templated":true}]}}