{"id":2298,"date":"2018-02-01T10:58:55","date_gmt":"2018-02-01T09:58:55","guid":{"rendered":"http:\/\/www.ulcgt69villefranche.fr\/?p=2298"},"modified":"2018-02-01T10:58:55","modified_gmt":"2018-02-01T09:58:55","slug":"ehpad-communique-de-presse","status":"publish","type":"post","link":"http:\/\/www.ulcgt69villefranche.fr\/?p=2298","title":{"rendered":"EHPAD : Communiqu\u00e9 de Presse"},"content":{"rendered":"<p style=\"text-align: center;\"><a href=\"http:\/\/www.ulcgt69villefranche.fr\/wp-content\/uploads\/2018\/02\/COMMUNIQUE-DE-PRESSE-31-01.pdf\" target=\"_blank\" rel=\"noopener\">COMMUNIQU\u00c9 DE PRESSE<\/a><br \/>\nMOBILISATION IN\u00c9DITE ET MASSIVE DANS LES EHPAD<a href=\"http:\/\/www.ulcgt69villefranche.fr\/wp-content\/uploads\/2018\/02\/EHPAD.jpg\"><img loading=\"lazy\" class=\"size-full wp-image-2302 aligncenter\" src=\"http:\/\/www.ulcgt69villefranche.fr\/wp-content\/uploads\/2018\/02\/EHPAD.jpg\" alt=\"\" width=\"300\" height=\"300\" srcset=\"http:\/\/www.ulcgt69villefranche.fr\/wp-content\/uploads\/2018\/02\/EHPAD.jpg 300w, http:\/\/www.ulcgt69villefranche.fr\/wp-content\/uploads\/2018\/02\/EHPAD-150x150.jpg 150w\" sizes=\"(max-width: 300px) 100vw, 300px\" \/><\/a><\/p>\n<p style=\"text-align: left;\">Plus de 1000 manifestants \u00e0 Lyon, 250 \u00e0 Villefranche, 80 \u00e9tablissements en gr\u00e8ve dans le d\u00e9partement du Rh\u00f4ne. De plus, des actions, des rassemblements ont eu lieu dans plusieurs maisons de retraite.<\/p>\n<p>Dans la manifestation intersyndicale, les salari\u00e9s de toutes cat\u00e9gories, y compris des directions, les familles\u2026. sont descendus dans la rue pour d\u00e9noncer l\u2019inexcusable, l\u2019incompr\u00e9hensible et volontaire abandon dans lesquels le gouvernement laisse les personnes \u00e2g\u00e9es vuln\u00e9rables.<\/p>\n<p>Madame Buzin ministre de la sant\u00e9, le gouvernement et le pr\u00e9sident de la R\u00e9publique semblent rester sourds et emprunts de m\u00e9pris envers les professionnels \u00e9puis\u00e9s et la mise en danger de nos ain\u00e9s. Les annonces du gouvernement qui propose 50 millions rapport\u00e9s aux 557 648 lits en EHPAD, donc 89 euros par r\u00e9sident par an, sont insignifiantes dans un pays riche. C\u2019est indigne au regard des cadeaux fiscaux faits aux grandes fortunes, et aux exon\u00e9rations de cotisations sociales faites au patronat, ces mesures-l\u00e0 repr\u00e9sentent des dizaines de milliards.<\/p>\n<p>Il est insupportable que des grands groupes priv\u00e9s fassent de l\u2019argent, l\u2019or gris, sur les familles en facturant jusqu\u2019\u00e0 3500 euros par mois la prise en charge des personnes vuln\u00e9rables, et de plus sont privil\u00e9gi\u00e9s par les dotations d\u2019argent public.<\/p>\n<p>Fini les belles paroles, la CGT et les salari\u00e9(e)s exigent des actes \u00e0 la hauteur des enjeux et du respect des personnes \u00e2g\u00e9es en d\u00e9tresse. Conform\u00e9ment au plan grand \u00e2ge et d\u00e9pendance il faut tout de suite renforcer le personnel des EHPAD \u00e0 hauteur de 1 pour 1 personne accueillie ce qui co\u00fbterait 8 milliards d\u2019euros, il faut de suite rendre attractifs les m\u00e9tiers des EHPAD en les revalorisant cela repr\u00e9sente 3 milliards d\u2019Euros. Oui dans l\u2019urgence il faut 11 milliards pour un minimum de dignit\u00e9 et pas des discours\u2026. IL faut interdire de faire du profit sur la d\u00e9tresse.<\/p>\n<p>Sans dispositions rapides et concr\u00e8tes, la mobilisation aura des suites.<\/p>\n<p>Pour la CGT, avec d\u2019autres nous mettons en d\u00e9bat un tout autre projet de soci\u00e9t\u00e9 ou la S\u00e9curit\u00e9 Sociale doit prendre en charge les citoyens \u00e0 100%, de la naissance \u00e0 la mort, sans reste \u00e0 charge pour les familles.<\/p>\n<p>La maltraitance institutionnelle, ce n\u2019est plus possible ni acceptable. Ne fermons plus les yeux.<\/p>\n<p>La CGT appelle la population \u00e0 ne pas cautionner par le silence, \u00e0 se faire entendre pour faire cesser ce scandale.<\/p>\n<p>CGT sant\u00e9 et Action Sociale 69<br \/>\nContacts :<br \/>\nBruno Maldonado 06 72 93 56 06<br \/>\nAnnie Lucchetti 04 78 60 09 57<br \/>\nMarc Auray 06 33 27 91 93<\/p>\n","protected":false},"excerpt":{"rendered":"<p>COMMUNIQU\u00c9 DE PRESSE MOBILISATION IN\u00c9DITE ET MASSIVE DANS LES EHPAD Plus de 1000 manifestants \u00e0 Lyon, 250 \u00e0 Villefranche, 80 \u00e9tablissements en gr\u00e8ve dans le d\u00e9partement du Rh\u00f4ne. De plus, des actions, des rassemblements ont eu lieu dans plusieurs maisons de retraite. Dans la manifestation intersyndicale, les salari\u00e9s de toutes cat\u00e9gories, y compris des directions, [&hellip;]<\/p>\n","protected":false},"author":3,"featured_media":0,"comment_status":"closed","ping_status":"open","sticky":false,"template":"","format":"standard","meta":[],"categories":[1],"tags":[],"_links":{"self":[{"href":"http:\/\/www.ulcgt69villefranche.fr\/index.php?rest_route=\/wp\/v2\/posts\/2298"}],"collection":[{"href":"http:\/\/www.ulcgt69villefranche.fr\/index.php?rest_route=\/wp\/v2\/posts"}],"about":[{"href":"http:\/\/www.ulcgt69villefranche.fr\/index.php?rest_route=\/wp\/v2\/types\/post"}],"author":[{"embeddable":true,"href":"http:\/\/www.ulcgt69villefranche.fr\/index.php?rest_route=\/wp\/v2\/users\/3"}],"replies":[{"embeddable":true,"href":"http:\/\/www.ulcgt69villefranche.fr\/index.php?rest_route=%2Fwp%2Fv2%2Fcomments&post=2298"}],"version-history":[{"count":6,"href":"http:\/\/www.ulcgt69villefranche.fr\/index.php?rest_route=\/wp\/v2\/posts\/2298\/revisions"}],"predecessor-version":[{"id":2305,"href":"http:\/\/www.ulcgt69villefranche.fr\/index.php?rest_route=\/wp\/v2\/posts\/2298\/revisions\/2305"}],"wp:attachment":[{"href":"http:\/\/www.ulcgt69villefranche.fr\/index.php?rest_route=%2Fwp%2Fv2%2Fmedia&parent=2298"}],"wp:term":[{"taxonomy":"category","embeddable":true,"href":"http:\/\/www.ulcgt69villefranche.fr\/index.php?rest_route=%2Fwp%2Fv2%2Fcategories&post=2298"},{"taxonomy":"post_tag","embeddable":true,"href":"http:\/\/www.ulcgt69villefranche.fr\/index.php?rest_route=%2Fwp%2Fv2%2Ftags&post=2298"}],"curies":[{"name":"wp","href":"https:\/\/api.w.org\/{rel}","templated":true}]}}