{"id":2257,"date":"2017-12-04T11:57:54","date_gmt":"2017-12-04T10:57:54","guid":{"rendered":"http:\/\/www.ulcgt69villefranche.fr\/?p=2257"},"modified":"2017-12-04T11:57:54","modified_gmt":"2017-12-04T10:57:54","slug":"le-social-les-acteurs-sociaux-en-danger","status":"publish","type":"post","link":"http:\/\/www.ulcgt69villefranche.fr\/?p=2257","title":{"rendered":"LE SOCIAL : LES ACTEURS SOCIAUX EN DANGER !"},"content":{"rendered":"<p style=\"text-align: center;\"><span style=\"color: #000000;\"><strong>APPEL A LA MOBILISATION\u00a0 DE TOUS LES ACTEURS SOCIAUX\u00a0!<\/strong><\/span><\/p>\n<h2 style=\"text-align: center;\"><strong>\u00a0<\/strong><strong><em>ASSEMBLEE GENERALE\u00a0: LA RFF POUR TOUS\u00a0!<\/em><\/strong><\/h2>\n<h1 style=\"text-align: center;\"><strong><em>\u00a0<\/em><\/strong><strong>Mercredi 6 d\u00e9cembre \u00e0 12h00 en AMPHI<\/strong><\/h1>\n<h1 style=\"text-align: center;\"><strong>A l\u2019ARFRIPS, 10 Impasse Pierre Baizet 69009<\/strong><\/h1>\n<p style=\"text-align: center;\"><span style=\"color: #000000;\"><strong>\u00a0<\/strong><strong>Garantir nos formations,\u00a0 c\u2019est garantir l\u2019avenir et la qualit\u00e9 du secteur m\u00e9dico-social\u2026<\/strong><\/span><\/p>\n<p style=\"text-align: center;\"><span style=\"color: #000000;\"><em>D\u00e9but septembre 2017, la pr\u00e9fecture de la r\u00e9gion Auvergne-Rh\u00f4ne-Alpes a communiqu\u00e9 aux agences p\u00f4le-emploi la nouvelle liste des m\u00e9tiers en tension. La profession d\u2019\u00e9ducateur sp\u00e9cialis\u00e9\/moniteur \u00e9ducateur n\u2019y figure plus. Cette d\u00e9cision est tr\u00e8s lourde de cons\u00e9quences pour nous, \u00e9tudiants en premi\u00e8re ann\u00e9e depuis le d\u00e9but le 11 septembre 2017. <strong>Un grand nombre se sont vu refuser leur demande de R<\/strong>\u00e9mun\u00e9ration<strong> de F<\/strong>in<strong> de F<\/strong>ormation par p\u00f4le-emploi en raison de la fin de mise \u00ab en tension \u00bb de la profession.<\/em><\/span><\/p>\n<h1 style=\"text-align: center;\"><em>\u00a0<\/em><strong>SOLIDAIRES POUR LES M\u00caMES DROITS<\/strong><\/h1>\n","protected":false},"excerpt":{"rendered":"<p>APPEL A LA MOBILISATION\u00a0 DE TOUS LES ACTEURS SOCIAUX\u00a0! \u00a0ASSEMBLEE GENERALE\u00a0: LA RFF POUR TOUS\u00a0! \u00a0Mercredi 6 d\u00e9cembre \u00e0 12h00 en AMPHI A l\u2019ARFRIPS, 10 Impasse Pierre Baizet 69009 \u00a0Garantir nos formations,\u00a0 c\u2019est garantir l\u2019avenir et la qualit\u00e9 du secteur m\u00e9dico-social\u2026 D\u00e9but septembre 2017, la pr\u00e9fecture de la r\u00e9gion Auvergne-Rh\u00f4ne-Alpes a communiqu\u00e9 aux agences p\u00f4le-emploi [&hellip;]<\/p>\n","protected":false},"author":3,"featured_media":0,"comment_status":"closed","ping_status":"open","sticky":false,"template":"","format":"standard","meta":[],"categories":[1],"tags":[],"_links":{"self":[{"href":"http:\/\/www.ulcgt69villefranche.fr\/index.php?rest_route=\/wp\/v2\/posts\/2257"}],"collection":[{"href":"http:\/\/www.ulcgt69villefranche.fr\/index.php?rest_route=\/wp\/v2\/posts"}],"about":[{"href":"http:\/\/www.ulcgt69villefranche.fr\/index.php?rest_route=\/wp\/v2\/types\/post"}],"author":[{"embeddable":true,"href":"http:\/\/www.ulcgt69villefranche.fr\/index.php?rest_route=\/wp\/v2\/users\/3"}],"replies":[{"embeddable":true,"href":"http:\/\/www.ulcgt69villefranche.fr\/index.php?rest_route=%2Fwp%2Fv2%2Fcomments&post=2257"}],"version-history":[{"count":5,"href":"http:\/\/www.ulcgt69villefranche.fr\/index.php?rest_route=\/wp\/v2\/posts\/2257\/revisions"}],"predecessor-version":[{"id":2262,"href":"http:\/\/www.ulcgt69villefranche.fr\/index.php?rest_route=\/wp\/v2\/posts\/2257\/revisions\/2262"}],"wp:attachment":[{"href":"http:\/\/www.ulcgt69villefranche.fr\/index.php?rest_route=%2Fwp%2Fv2%2Fmedia&parent=2257"}],"wp:term":[{"taxonomy":"category","embeddable":true,"href":"http:\/\/www.ulcgt69villefranche.fr\/index.php?rest_route=%2Fwp%2Fv2%2Fcategories&post=2257"},{"taxonomy":"post_tag","embeddable":true,"href":"http:\/\/www.ulcgt69villefranche.fr\/index.php?rest_route=%2Fwp%2Fv2%2Ftags&post=2257"}],"curies":[{"name":"wp","href":"https:\/\/api.w.org\/{rel}","templated":true}]}}