{"id":2223,"date":"2017-10-12T16:05:56","date_gmt":"2017-10-12T14:05:56","guid":{"rendered":"http:\/\/www.ulcgt69villefranche.fr\/?p=2223"},"modified":"2017-10-30T17:04:57","modified_gmt":"2017-10-30T16:04:57","slug":"19102017-manifestation-a-villefranche","status":"publish","type":"post","link":"http:\/\/www.ulcgt69villefranche.fr\/?p=2223","title":{"rendered":"19\/10\/17 : MANIFESTATION \u00c0 VILLEFRANCHE"},"content":{"rendered":"<h1 style=\"text-align: center;\"><span style=\"color: #0000ff;\">PUBLIC\/PRIV\u00c9<\/span><\/h1>\n<h2 style=\"text-align: center;\"><span style=\"color: #008000;\">Convergence des luttes pour mettre en \u00e9chec la loi travail et la casse des services publics<\/span><\/h2>\n<p><a href=\"http:\/\/www.ulcgt69villefranche.fr\/wp-content\/uploads\/2017\/10\/2017-10-19.jpg\"><img loading=\"lazy\" class=\"aligncenter size-full wp-image-2222\" src=\"http:\/\/www.ulcgt69villefranche.fr\/wp-content\/uploads\/2017\/10\/2017-10-19.jpg\" alt=\"\" width=\"425\" height=\"701\" srcset=\"http:\/\/www.ulcgt69villefranche.fr\/wp-content\/uploads\/2017\/10\/2017-10-19.jpg 425w, http:\/\/www.ulcgt69villefranche.fr\/wp-content\/uploads\/2017\/10\/2017-10-19-182x300.jpg 182w\" sizes=\"(max-width: 425px) 100vw, 425px\" \/><\/a><\/p>\n<h1 style=\"text-align: center;\"><span style=\"color: #0000ff;\"><a href=\"http:\/\/www.ulcgt69villefranche.fr\/wp-content\/uploads\/2017\/10\/a-qui-le-tour.pdf\">Lire le Tract Sant\u00e9 Action Sociale<\/a><\/span><\/h1>\n","protected":false},"excerpt":{"rendered":"<p>PUBLIC\/PRIV\u00c9 Convergence des luttes pour mettre en \u00e9chec la loi travail et la casse des services publics Lire le Tract Sant\u00e9 Action Sociale<\/p>\n","protected":false},"author":3,"featured_media":0,"comment_status":"closed","ping_status":"open","sticky":false,"template":"","format":"standard","meta":[],"categories":[1],"tags":[],"_links":{"self":[{"href":"http:\/\/www.ulcgt69villefranche.fr\/index.php?rest_route=\/wp\/v2\/posts\/2223"}],"collection":[{"href":"http:\/\/www.ulcgt69villefranche.fr\/index.php?rest_route=\/wp\/v2\/posts"}],"about":[{"href":"http:\/\/www.ulcgt69villefranche.fr\/index.php?rest_route=\/wp\/v2\/types\/post"}],"author":[{"embeddable":true,"href":"http:\/\/www.ulcgt69villefranche.fr\/index.php?rest_route=\/wp\/v2\/users\/3"}],"replies":[{"embeddable":true,"href":"http:\/\/www.ulcgt69villefranche.fr\/index.php?rest_route=%2Fwp%2Fv2%2Fcomments&post=2223"}],"version-history":[{"count":8,"href":"http:\/\/www.ulcgt69villefranche.fr\/index.php?rest_route=\/wp\/v2\/posts\/2223\/revisions"}],"predecessor-version":[{"id":2248,"href":"http:\/\/www.ulcgt69villefranche.fr\/index.php?rest_route=\/wp\/v2\/posts\/2223\/revisions\/2248"}],"wp:attachment":[{"href":"http:\/\/www.ulcgt69villefranche.fr\/index.php?rest_route=%2Fwp%2Fv2%2Fmedia&parent=2223"}],"wp:term":[{"taxonomy":"category","embeddable":true,"href":"http:\/\/www.ulcgt69villefranche.fr\/index.php?rest_route=%2Fwp%2Fv2%2Fcategories&post=2223"},{"taxonomy":"post_tag","embeddable":true,"href":"http:\/\/www.ulcgt69villefranche.fr\/index.php?rest_route=%2Fwp%2Fv2%2Ftags&post=2223"}],"curies":[{"name":"wp","href":"https:\/\/api.w.org\/{rel}","templated":true}]}}