{"id":2208,"date":"2017-09-29T15:46:46","date_gmt":"2017-09-29T13:46:46","guid":{"rendered":"http:\/\/www.ulcgt69villefranche.fr\/?p=2208"},"modified":"2017-10-18T09:47:36","modified_gmt":"2017-10-18T07:47:36","slug":"101017-rassemblement-pour-des-services-publics-de-qualite","status":"publish","type":"post","link":"http:\/\/www.ulcgt69villefranche.fr\/?p=2208","title":{"rendered":"10\/10\/17 : RASSEMBLEMENT POUR DES SERVICES PUBLICS DE QUALIT\u00c9"},"content":{"rendered":"<p style=\"text-align: center;\"><a href=\"http:\/\/www.ulcgt69villefranche.fr\/wp-content\/uploads\/2017\/09\/tract_fdsp-10102017.pdf\" target=\"_blank\" rel=\"noopener\"><strong>Le 10\/10\/17 rendez-vous 17H Place des Arts pour d\u00e9fendre des services publics de qualit\u00e9.<\/strong><\/a><a href=\"http:\/\/www.ulcgt69villefranche.fr\/wp-content\/uploads\/2017\/09\/Affiche-10-octobre-2017.jpg\"><img loading=\"lazy\" class=\"aligncenter size-full wp-image-2207\" src=\"http:\/\/www.ulcgt69villefranche.fr\/wp-content\/uploads\/2017\/09\/Affiche-10-octobre-2017.jpg\" alt=\"\" width=\"519\" height=\"720\" srcset=\"http:\/\/www.ulcgt69villefranche.fr\/wp-content\/uploads\/2017\/09\/Affiche-10-octobre-2017.jpg 519w, http:\/\/www.ulcgt69villefranche.fr\/wp-content\/uploads\/2017\/09\/Affiche-10-octobre-2017-216x300.jpg 216w\" sizes=\"(max-width: 519px) 100vw, 519px\" \/><\/a><\/p>\n<h1 style=\"text-align: center;\"><span style=\"color: #0000ff;\">Distribution de tract devant l&rsquo;H\u00f4pital Nord-Ouest de Villefranche<\/span><\/h1>\n<p><a href=\"http:\/\/www.ulcgt69villefranche.fr\/wp-content\/uploads\/2017\/10\/IMG_1024.jpg\"><img loading=\"lazy\" class=\"aligncenter size-full wp-image-2231\" src=\"http:\/\/www.ulcgt69villefranche.fr\/wp-content\/uploads\/2017\/10\/IMG_1024.jpg\" alt=\"\" width=\"640\" height=\"480\" srcset=\"http:\/\/www.ulcgt69villefranche.fr\/wp-content\/uploads\/2017\/10\/IMG_1024.jpg 640w, http:\/\/www.ulcgt69villefranche.fr\/wp-content\/uploads\/2017\/10\/IMG_1024-300x225.jpg 300w\" sizes=\"(max-width: 640px) 100vw, 640px\" \/><\/a><a href=\"http:\/\/www.ulcgt69villefranche.fr\/wp-content\/uploads\/2017\/10\/IMG_1023.jpg\"><img loading=\"lazy\" class=\"aligncenter size-full wp-image-2230\" src=\"http:\/\/www.ulcgt69villefranche.fr\/wp-content\/uploads\/2017\/10\/IMG_1023.jpg\" alt=\"\" width=\"640\" height=\"480\" srcset=\"http:\/\/www.ulcgt69villefranche.fr\/wp-content\/uploads\/2017\/10\/IMG_1023.jpg 640w, http:\/\/www.ulcgt69villefranche.fr\/wp-content\/uploads\/2017\/10\/IMG_1023-300x225.jpg 300w\" sizes=\"(max-width: 640px) 100vw, 640px\" \/><\/a><\/p>\n","protected":false},"excerpt":{"rendered":"<p>Le 10\/10\/17 rendez-vous 17H Place des Arts pour d\u00e9fendre des services publics de qualit\u00e9. Distribution de tract devant l&rsquo;H\u00f4pital Nord-Ouest de Villefranche<\/p>\n","protected":false},"author":3,"featured_media":0,"comment_status":"closed","ping_status":"open","sticky":false,"template":"","format":"standard","meta":[],"categories":[1],"tags":[],"_links":{"self":[{"href":"http:\/\/www.ulcgt69villefranche.fr\/index.php?rest_route=\/wp\/v2\/posts\/2208"}],"collection":[{"href":"http:\/\/www.ulcgt69villefranche.fr\/index.php?rest_route=\/wp\/v2\/posts"}],"about":[{"href":"http:\/\/www.ulcgt69villefranche.fr\/index.php?rest_route=\/wp\/v2\/types\/post"}],"author":[{"embeddable":true,"href":"http:\/\/www.ulcgt69villefranche.fr\/index.php?rest_route=\/wp\/v2\/users\/3"}],"replies":[{"embeddable":true,"href":"http:\/\/www.ulcgt69villefranche.fr\/index.php?rest_route=%2Fwp%2Fv2%2Fcomments&post=2208"}],"version-history":[{"count":6,"href":"http:\/\/www.ulcgt69villefranche.fr\/index.php?rest_route=\/wp\/v2\/posts\/2208\/revisions"}],"predecessor-version":[{"id":2235,"href":"http:\/\/www.ulcgt69villefranche.fr\/index.php?rest_route=\/wp\/v2\/posts\/2208\/revisions\/2235"}],"wp:attachment":[{"href":"http:\/\/www.ulcgt69villefranche.fr\/index.php?rest_route=%2Fwp%2Fv2%2Fmedia&parent=2208"}],"wp:term":[{"taxonomy":"category","embeddable":true,"href":"http:\/\/www.ulcgt69villefranche.fr\/index.php?rest_route=%2Fwp%2Fv2%2Fcategories&post=2208"},{"taxonomy":"post_tag","embeddable":true,"href":"http:\/\/www.ulcgt69villefranche.fr\/index.php?rest_route=%2Fwp%2Fv2%2Ftags&post=2208"}],"curies":[{"name":"wp","href":"https:\/\/api.w.org\/{rel}","templated":true}]}}