{"id":2200,"date":"2017-09-25T20:53:57","date_gmt":"2017-09-25T18:53:57","guid":{"rendered":"http:\/\/www.ulcgt69villefranche.fr\/?p=2200"},"modified":"2017-09-25T20:53:57","modified_gmt":"2017-09-25T18:53:57","slug":"290917-rassemblement-de-soutien","status":"publish","type":"post","link":"http:\/\/www.ulcgt69villefranche.fr\/?p=2200","title":{"rendered":"29\/09\/17 : RASSEMBLEMENT DE SOUTIEN"},"content":{"rendered":"<p><a href=\"http:\/\/www.ulcgt69villefranche.fr\/wp-content\/uploads\/2017\/09\/t\u00e9l\u00e9chargement.png\"><img loading=\"lazy\" class=\"aligncenter size-medium wp-image-2197\" src=\"http:\/\/www.ulcgt69villefranche.fr\/wp-content\/uploads\/2017\/09\/t\u00e9l\u00e9chargement-300x185.png\" alt=\"\" width=\"300\" height=\"185\" srcset=\"http:\/\/www.ulcgt69villefranche.fr\/wp-content\/uploads\/2017\/09\/t\u00e9l\u00e9chargement-300x185.png 300w, http:\/\/www.ulcgt69villefranche.fr\/wp-content\/uploads\/2017\/09\/t\u00e9l\u00e9chargement.png 400w\" sizes=\"(max-width: 300px) 100vw, 300px\" \/><\/a><\/p>\n<p style=\"text-align: center;\"><strong>Rassemblement devant l&rsquo;entreprise LEGRAND 91 RUE CHOSSEGROS \u00e0 COUZON AU MONT D&rsquo;OR vendredi 09\/09\/17 \u00e0 8H30 pour soutenir notre camarade \u00e9lu CGT menac\u00e9 de licenciement.<\/strong><\/p>\n<p style=\"text-align: center;\">Le 29\/09 au matin doit se tenir le CE avec \u00e0 l&rsquo;ordre du jour sa consultation pour donner un avis sur le licenciement d&rsquo;un \u00e9lu CGT du personnel.<\/p>\n","protected":false},"excerpt":{"rendered":"<p>Rassemblement devant l&rsquo;entreprise LEGRAND 91 RUE CHOSSEGROS \u00e0 COUZON AU MONT D&rsquo;OR vendredi 09\/09\/17 \u00e0 8H30 pour soutenir notre camarade \u00e9lu CGT menac\u00e9 de licenciement. Le 29\/09 au matin doit se tenir le CE avec \u00e0 l&rsquo;ordre du jour sa consultation pour donner un avis sur le licenciement d&rsquo;un \u00e9lu CGT du personnel.<\/p>\n","protected":false},"author":3,"featured_media":0,"comment_status":"closed","ping_status":"open","sticky":false,"template":"","format":"standard","meta":[],"categories":[1],"tags":[],"_links":{"self":[{"href":"http:\/\/www.ulcgt69villefranche.fr\/index.php?rest_route=\/wp\/v2\/posts\/2200"}],"collection":[{"href":"http:\/\/www.ulcgt69villefranche.fr\/index.php?rest_route=\/wp\/v2\/posts"}],"about":[{"href":"http:\/\/www.ulcgt69villefranche.fr\/index.php?rest_route=\/wp\/v2\/types\/post"}],"author":[{"embeddable":true,"href":"http:\/\/www.ulcgt69villefranche.fr\/index.php?rest_route=\/wp\/v2\/users\/3"}],"replies":[{"embeddable":true,"href":"http:\/\/www.ulcgt69villefranche.fr\/index.php?rest_route=%2Fwp%2Fv2%2Fcomments&post=2200"}],"version-history":[{"count":1,"href":"http:\/\/www.ulcgt69villefranche.fr\/index.php?rest_route=\/wp\/v2\/posts\/2200\/revisions"}],"predecessor-version":[{"id":2201,"href":"http:\/\/www.ulcgt69villefranche.fr\/index.php?rest_route=\/wp\/v2\/posts\/2200\/revisions\/2201"}],"wp:attachment":[{"href":"http:\/\/www.ulcgt69villefranche.fr\/index.php?rest_route=%2Fwp%2Fv2%2Fmedia&parent=2200"}],"wp:term":[{"taxonomy":"category","embeddable":true,"href":"http:\/\/www.ulcgt69villefranche.fr\/index.php?rest_route=%2Fwp%2Fv2%2Fcategories&post=2200"},{"taxonomy":"post_tag","embeddable":true,"href":"http:\/\/www.ulcgt69villefranche.fr\/index.php?rest_route=%2Fwp%2Fv2%2Ftags&post=2200"}],"curies":[{"name":"wp","href":"https:\/\/api.w.org\/{rel}","templated":true}]}}