{"id":2193,"date":"2017-09-25T20:45:05","date_gmt":"2017-09-25T18:45:05","guid":{"rendered":"http:\/\/www.ulcgt69villefranche.fr\/?p=2193"},"modified":"2017-09-25T20:54:32","modified_gmt":"2017-09-25T18:54:32","slug":"28102017-manifestation-des-retraites","status":"publish","type":"post","link":"http:\/\/www.ulcgt69villefranche.fr\/?p=2193","title":{"rendered":"28\/09\/17 : MANIFESTATION DES RETRAITES"},"content":{"rendered":"<p><a href=\"http:\/\/www.ulcgt69villefranche.fr\/wp-content\/uploads\/2017\/09\/retrait\u00e9s.png\"><img loading=\"lazy\" class=\"aligncenter size-medium wp-image-2195\" src=\"http:\/\/www.ulcgt69villefranche.fr\/wp-content\/uploads\/2017\/09\/retrait\u00e9s-234x300.png\" alt=\"\" width=\"234\" height=\"300\" srcset=\"http:\/\/www.ulcgt69villefranche.fr\/wp-content\/uploads\/2017\/09\/retrait\u00e9s-234x300.png 234w, http:\/\/www.ulcgt69villefranche.fr\/wp-content\/uploads\/2017\/09\/retrait\u00e9s.png 409w\" sizes=\"(max-width: 234px) 100vw, 234px\" \/><\/a>R\u00e9forme fiscale: \u00ab\u00a0Les plus riches b\u00e9n\u00e9ficieront d&rsquo;une hausse de revenus 18 fois plus importante que les plus pauvres\u00a0\u00bb Plus de 24 Mds d\u2019\u20ac de cadeaux fiscaux aux plus riches et aux entreprises, soit 3 fois montant total des APL TVA et CSG &#8211; pay\u00e9s en plus grande proportion par les m\u00e9nages les plus pauvres n\u2019ont cess\u00e9 d\u2019augmenter ces 20 derni\u00e8res ann\u00e9es : les recettes de la CSG ont \u00e9t\u00e9 multipli\u00e9es par 6,7 et celles de la TVA ont augment\u00e9 de 72%.-Alors oui les retrait\u00e9-e-s ont de bonnes raisons de se mobiliser pour \u00e9viter de nouvelles d\u00e9gradations importantes de leur pouvoir d\u2019achat, obtenir une \u00e9volution des pensions li\u00e9e \u00e0 l\u2019\u00e9volution des salaires et une am\u00e9lioration importante de la prise en charge de la perte d\u2019autonomie.<br \/>\n<a href=\"https:\/\/l.facebook.com\/l.php?u=http%3A%2F%2Fwww.ucr.cgt.fr%2Ftextelong.php%3FIDchapitre%3D840%26IDrub%3D81%26IDsousrubrique%3D297&amp;h=ATP0WMM-VcbS4foWppajLGwG4tFvpZDB9OMxuQsWdRhRjAWtRs6_iUEIraM0LPQUppfHIQ9g--FkqxbzS7PtnltQCoVeS4Mk__lJ1gZDkjvEfc-3R4MzOQWh1GqvfnlXOsRt22zTXzcM5Bkkl3BmNmiDh8Xfnm_0j4mlU538XuAMQK88HJ7iMHMviqgmzASui9eYTZZaETv1MwlXpR7qkBGluvSQcHVQwphoD-SCakBmchFwH9TBqv60snAjlkcjiiiziAQtxROfHtITz2yeJjHGJk-h5pM4nC3Yhtxp_w\" target=\"_blank\" rel=\"noopener\" data-ft=\"{&quot;tn&quot;:&quot;-U&quot;}\" data-lynx-mode=\"async\">http:\/\/www.ucr.cgt.fr\/textelong.php\u2026<\/a><br \/>\n<a href=\"http:\/\/oxfamfrance.org\/communique-presse\/justice-fiscale\/reforme-fiscale-vers-quinquennat-des-inegalites?utm_source=twitter&amp;utm_medium=organic\" target=\"_blank\" rel=\"noopener\" data-ft=\"{&quot;tn&quot;:&quot;-U&quot;}\" data-lynx-mode=\"async\" data-lynx-uri=\"https:\/\/l.facebook.com\/l.php?u=http%3A%2F%2Foxfamfrance.org%2Fcommunique-presse%2Fjustice-fiscale%2Freforme-fiscale-vers-quinquennat-des-inegalites%3Futm_source%3Dtwitter%26utm_medium%3Dorganic&amp;h=ATMBOu6Aphw3kQdi6cfDT6gPWT-LxtML1jo63SjpoCdDsKVk0LBLO6HuOA1HqvxYJbZCZSTqCfGblYyfwAR0s2mSXD3Da57USZlKzrcR9a6oNhABTDzHJSlyYfJkVddA9gmFbdA73ft4iobRsuhb9KHT4oWi6N7fNCh4yqaCaHtvt-1LUdqU6YO7C9na3oYOfDlE1TjLvMgUg2u9CAvOaGgWQnywIX_DRQEhhCJx-zqSsM9QwPCG1oGtW5PAWJ9WgNukpo7kO7Q7cQKhxbeOBWILj_aLJnSmKnl-bhmhJA\">http:\/\/oxfamfrance.org\/\u2026\/reforme-fiscale-vers-quinquennat-d\u2026<\/a><\/p>\n","protected":false},"excerpt":{"rendered":"<p>R\u00e9forme fiscale: \u00ab\u00a0Les plus riches b\u00e9n\u00e9ficieront d&rsquo;une hausse de revenus 18 fois plus importante que les plus pauvres\u00a0\u00bb Plus de 24 Mds d\u2019\u20ac de cadeaux fiscaux aux plus riches et aux entreprises, soit 3 fois montant total des APL TVA et CSG &#8211; pay\u00e9s en plus grande proportion par les m\u00e9nages les plus pauvres n\u2019ont [&hellip;]<\/p>\n","protected":false},"author":3,"featured_media":0,"comment_status":"closed","ping_status":"open","sticky":false,"template":"","format":"standard","meta":[],"categories":[1],"tags":[],"_links":{"self":[{"href":"http:\/\/www.ulcgt69villefranche.fr\/index.php?rest_route=\/wp\/v2\/posts\/2193"}],"collection":[{"href":"http:\/\/www.ulcgt69villefranche.fr\/index.php?rest_route=\/wp\/v2\/posts"}],"about":[{"href":"http:\/\/www.ulcgt69villefranche.fr\/index.php?rest_route=\/wp\/v2\/types\/post"}],"author":[{"embeddable":true,"href":"http:\/\/www.ulcgt69villefranche.fr\/index.php?rest_route=\/wp\/v2\/users\/3"}],"replies":[{"embeddable":true,"href":"http:\/\/www.ulcgt69villefranche.fr\/index.php?rest_route=%2Fwp%2Fv2%2Fcomments&post=2193"}],"version-history":[{"count":4,"href":"http:\/\/www.ulcgt69villefranche.fr\/index.php?rest_route=\/wp\/v2\/posts\/2193\/revisions"}],"predecessor-version":[{"id":2202,"href":"http:\/\/www.ulcgt69villefranche.fr\/index.php?rest_route=\/wp\/v2\/posts\/2193\/revisions\/2202"}],"wp:attachment":[{"href":"http:\/\/www.ulcgt69villefranche.fr\/index.php?rest_route=%2Fwp%2Fv2%2Fmedia&parent=2193"}],"wp:term":[{"taxonomy":"category","embeddable":true,"href":"http:\/\/www.ulcgt69villefranche.fr\/index.php?rest_route=%2Fwp%2Fv2%2Fcategories&post=2193"},{"taxonomy":"post_tag","embeddable":true,"href":"http:\/\/www.ulcgt69villefranche.fr\/index.php?rest_route=%2Fwp%2Fv2%2Ftags&post=2193"}],"curies":[{"name":"wp","href":"https:\/\/api.w.org\/{rel}","templated":true}]}}