{"id":2133,"date":"2017-07-14T09:27:48","date_gmt":"2017-07-14T07:27:48","guid":{"rendered":"http:\/\/www.ulcgt69villefranche.fr\/?p=2133"},"modified":"2017-07-21T08:42:01","modified_gmt":"2017-07-21T06:42:01","slug":"12092017-toutes-et-tous-dans-la-rue","status":"publish","type":"post","link":"http:\/\/www.ulcgt69villefranche.fr\/?p=2133","title":{"rendered":"12\/09\/2017 : TOUTES ET TOUS DANS LA RUE"},"content":{"rendered":"<h1 style=\"text-align: center;\"><span style=\"text-decoration: underline;\"><span style=\"color: #0000ff; text-decoration: underline;\">Public\/Priv\u00e9 m\u00eame combat contre la casse des droits des agents et des salari\u00e9s<\/span><\/span><\/h1>\n<p><span style=\"color: #339966;\"><strong>Dans le Public<\/strong> <\/span>:<a href=\"http:\/\/www.ulcgt69villefranche.fr\/wp-content\/uploads\/2017\/07\/07072017_jour-de-carence.pdf\" target=\"_blank\" rel=\"noopener\"> gel du point d&rsquo;indice, application d&rsquo;un jour de carence, suppression du suppl\u00e9ment familiale de traitement, casse du statut, -120 000 postes de fonctionnaires (deux d\u00e9parts \u00e0 la retraite sur trois non remplac\u00e9s dans la fonction publique de l\u2019Etat (hors secteurs d\u00e9cr\u00e9t\u00e9s prioritaires) et un sur trois dans la fonction publique hospitali\u00e8re et la fonction publique territoriale), baisse du nombre de promotions et freins aux d\u00e9roulements de carri\u00e8res, augmentation diff\u00e9renci\u00e9e de la valeur du point entre les versants (quand il y aura des augmentations, ce qui visiblement n\u2019est pas pour demain) \u2026 sont au programme<\/a><\/p>\n<p><span style=\"color: #339966;\"><strong>Dans le priv\u00e9<\/strong> <\/span>: <a href=\"http:\/\/www.ulcgt69villefranche.fr\/wp-content\/uploads\/2017\/07\/ugict.cgt_.fr-D%C3%A9cryptage-les-d%C3%A9tails-de-la-loi-travail-XXL-et-des-ordonnances-mise-%C3%A0-jour-3006.pdf\" target=\"_blank\" rel=\"noopener\">casse du code du travail par ordonnances, un code du travail par entreprise, la fin de la primaut\u00e9 du contrat de travail, la fin du CDI,..<\/a><\/p>\n<p><img loading=\"lazy\" class=\"aligncenter size-medium wp-image-2129\" src=\"http:\/\/www.ulcgt69villefranche.fr\/wp-content\/uploads\/2017\/07\/flash1-295x300.png\" alt=\"\" width=\"295\" height=\"300\" srcset=\"http:\/\/www.ulcgt69villefranche.fr\/wp-content\/uploads\/2017\/07\/flash1-295x300.png 295w, http:\/\/www.ulcgt69villefranche.fr\/wp-content\/uploads\/2017\/07\/flash1.png 576w\" sizes=\"(max-width: 295px) 100vw, 295px\" \/><\/p>\n<p><img loading=\"lazy\" class=\"aligncenter size-medium wp-image-2130\" src=\"http:\/\/www.ulcgt69villefranche.fr\/wp-content\/uploads\/2017\/07\/flash2-295x300.png\" alt=\"\" width=\"295\" height=\"300\" srcset=\"http:\/\/www.ulcgt69villefranche.fr\/wp-content\/uploads\/2017\/07\/flash2-295x300.png 295w, http:\/\/www.ulcgt69villefranche.fr\/wp-content\/uploads\/2017\/07\/flash2.png 576w\" sizes=\"(max-width: 295px) 100vw, 295px\" \/><\/p>\n<p><img loading=\"lazy\" class=\"aligncenter size-medium wp-image-2131\" src=\"http:\/\/www.ulcgt69villefranche.fr\/wp-content\/uploads\/2017\/07\/flash3-295x300.png\" alt=\"\" width=\"295\" height=\"300\" srcset=\"http:\/\/www.ulcgt69villefranche.fr\/wp-content\/uploads\/2017\/07\/flash3-295x300.png 295w, http:\/\/www.ulcgt69villefranche.fr\/wp-content\/uploads\/2017\/07\/flash3.png 576w\" sizes=\"(max-width: 295px) 100vw, 295px\" \/><img loading=\"lazy\" class=\"aligncenter size-medium wp-image-2132\" src=\"http:\/\/www.ulcgt69villefranche.fr\/wp-content\/uploads\/2017\/07\/flash4-295x300.png\" alt=\"\" width=\"295\" height=\"300\" srcset=\"http:\/\/www.ulcgt69villefranche.fr\/wp-content\/uploads\/2017\/07\/flash4-295x300.png 295w, http:\/\/www.ulcgt69villefranche.fr\/wp-content\/uploads\/2017\/07\/flash4.png 576w\" sizes=\"(max-width: 295px) 100vw, 295px\" \/><\/p>\n<p><span style=\"text-decoration: underline;\"><span style=\"color: #339966;\"><strong>Sont d&rsquo;ores et d\u00e9j\u00e0 annonc\u00e9s dans les mois \u00e0 venir\u00a0<\/strong><\/span><\/span>:<\/p>\n<p>La casse du financement solidaire de la protection sociale avec l&rsquo;augmentation de la CSG (+ 1,7%) qui touchera directement les retrait\u00e9s les plus modestes et les fonctionnaires les plus pr\u00e9caires<\/p>\n<p>Une \u00e9ni\u00e8me r\u00e9forme de l&rsquo;assurance ch\u00f4mage avec la baisse du montant des allocations et la diminution de la dur\u00e9e d&rsquo;assurance.<\/p>\n<p>Une \u00e9ni\u00e8me r\u00e9forme des retraites avec la fin des r\u00e9gimes sp\u00e9ciaux, la fin du syst\u00e8me actuel par r\u00e9partition et la mise en place d&rsquo;une retraite par point&#8230;<\/p>\n<p><strong>Le 12\/09\/2017, toutes et tous concern\u00e9s, toutes et tous en gr\u00e8ve et dans les manifestations, rassemblements&#8230;<\/strong><\/p>\n<h1 style=\"text-align: center;\"><span style=\"text-decoration: underline;\">LE 12\/09\/2017, TOUTES ET TOUS DANS LA RUE<\/span><\/h1>\n<h1 style=\"text-align: center;\"><span style=\"text-decoration: underline;\"> RASSEMBLEMENT A 17H PLACE DES ARTS A VILLEFRANCHE<\/span><\/h1>\n","protected":false},"excerpt":{"rendered":"<p>Public\/Priv\u00e9 m\u00eame combat contre la casse des droits des agents et des salari\u00e9s Dans le Public : gel du point d&rsquo;indice, application d&rsquo;un jour de carence, suppression du suppl\u00e9ment familiale de traitement, casse du statut, -120 000 postes de fonctionnaires (deux d\u00e9parts \u00e0 la retraite sur trois non remplac\u00e9s dans la fonction publique de l\u2019Etat [&hellip;]<\/p>\n","protected":false},"author":3,"featured_media":0,"comment_status":"closed","ping_status":"open","sticky":false,"template":"","format":"standard","meta":[],"categories":[1],"tags":[],"_links":{"self":[{"href":"http:\/\/www.ulcgt69villefranche.fr\/index.php?rest_route=\/wp\/v2\/posts\/2133"}],"collection":[{"href":"http:\/\/www.ulcgt69villefranche.fr\/index.php?rest_route=\/wp\/v2\/posts"}],"about":[{"href":"http:\/\/www.ulcgt69villefranche.fr\/index.php?rest_route=\/wp\/v2\/types\/post"}],"author":[{"embeddable":true,"href":"http:\/\/www.ulcgt69villefranche.fr\/index.php?rest_route=\/wp\/v2\/users\/3"}],"replies":[{"embeddable":true,"href":"http:\/\/www.ulcgt69villefranche.fr\/index.php?rest_route=%2Fwp%2Fv2%2Fcomments&post=2133"}],"version-history":[{"count":12,"href":"http:\/\/www.ulcgt69villefranche.fr\/index.php?rest_route=\/wp\/v2\/posts\/2133\/revisions"}],"predecessor-version":[{"id":2148,"href":"http:\/\/www.ulcgt69villefranche.fr\/index.php?rest_route=\/wp\/v2\/posts\/2133\/revisions\/2148"}],"wp:attachment":[{"href":"http:\/\/www.ulcgt69villefranche.fr\/index.php?rest_route=%2Fwp%2Fv2%2Fmedia&parent=2133"}],"wp:term":[{"taxonomy":"category","embeddable":true,"href":"http:\/\/www.ulcgt69villefranche.fr\/index.php?rest_route=%2Fwp%2Fv2%2Fcategories&post=2133"},{"taxonomy":"post_tag","embeddable":true,"href":"http:\/\/www.ulcgt69villefranche.fr\/index.php?rest_route=%2Fwp%2Fv2%2Ftags&post=2133"}],"curies":[{"name":"wp","href":"https:\/\/api.w.org\/{rel}","templated":true}]}}