{"id":2075,"date":"2017-03-08T14:16:10","date_gmt":"2017-03-08T13:16:10","guid":{"rendered":"http:\/\/www.ulcgt69villefranche.fr\/?p=2075"},"modified":"2017-03-08T14:16:37","modified_gmt":"2017-03-08T13:16:37","slug":"08-mars-2017-journee-internationale-de-lutte-pour-les-droits-des-femmes","status":"publish","type":"post","link":"http:\/\/www.ulcgt69villefranche.fr\/?p=2075","title":{"rendered":"08 MARS 2017 : JOURN\u00c9E INTERNATIONALE DE LUTTE POUR LES DROITS DES FEMMES"},"content":{"rendered":"<p style=\"text-align: justify;\"><a href=\"http:\/\/www.ulcgt69villefranche.fr\/wp-content\/uploads\/2017\/03\/8-mars.jpg\"><img loading=\"lazy\" class=\"aligncenter size-full wp-image-2074\" title=\"8 mars\" src=\"http:\/\/www.ulcgt69villefranche.fr\/wp-content\/uploads\/2017\/03\/8-mars.jpg\" alt=\"\" width=\"188\" height=\"268\" \/><\/a><\/p>\n<p style=\"text-align: justify;\">L&rsquo;Union Locale CGT de Villefranche du Beaujolais et du Val de Sa\u00f4ne avec l&rsquo;association Femmes\/Egalit\u00e9 organisent un rassemblement le<\/p>\n<h1 style=\"text-align: center;\"><span style=\"text-decoration: underline;\"><span style=\"color: #ff0000; text-decoration: underline;\">MERCREDI 08 MARS 2017 de 15H30 \u00e0 18H<\/span><\/span><\/h1>\n<h2 style=\"text-align: center;\">A l&rsquo;angle de la Rue Nationale et de la Rue Anne et Pierre de Beaujeu<\/h2>\n<p style=\"text-align: justify;\">car la journ\u00e9e du 8 mars ne se \u00ab f\u00eate \u00bb pas par un cadeau ou une distribution de fleurs, ce n\u2019est pas la journ\u00e9e de \u00ab la femme \u00bb mais une journ\u00e9e internationale de lutte pour les droits des femmes.<\/p>\n<p style=\"text-align: justify;\"><a href=\"http:\/\/www.ulcgt69villefranche.fr\/wp-content\/uploads\/2017\/03\/tract_8032017_pour_impression_def.pdf\" target=\"_blank\">Lire le Tract<\/a><\/p>\n","protected":false},"excerpt":{"rendered":"<p>L&rsquo;Union Locale CGT de Villefranche du Beaujolais et du Val de Sa\u00f4ne avec l&rsquo;association Femmes\/Egalit\u00e9 organisent un rassemblement le MERCREDI 08 MARS 2017 de 15H30 \u00e0 18H A l&rsquo;angle de la Rue Nationale et de la Rue Anne et Pierre de Beaujeu car la journ\u00e9e du 8 mars ne se \u00ab f\u00eate \u00bb pas par [&hellip;]<\/p>\n","protected":false},"author":3,"featured_media":0,"comment_status":"closed","ping_status":"open","sticky":false,"template":"","format":"standard","meta":[],"categories":[1],"tags":[],"_links":{"self":[{"href":"http:\/\/www.ulcgt69villefranche.fr\/index.php?rest_route=\/wp\/v2\/posts\/2075"}],"collection":[{"href":"http:\/\/www.ulcgt69villefranche.fr\/index.php?rest_route=\/wp\/v2\/posts"}],"about":[{"href":"http:\/\/www.ulcgt69villefranche.fr\/index.php?rest_route=\/wp\/v2\/types\/post"}],"author":[{"embeddable":true,"href":"http:\/\/www.ulcgt69villefranche.fr\/index.php?rest_route=\/wp\/v2\/users\/3"}],"replies":[{"embeddable":true,"href":"http:\/\/www.ulcgt69villefranche.fr\/index.php?rest_route=%2Fwp%2Fv2%2Fcomments&post=2075"}],"version-history":[{"count":5,"href":"http:\/\/www.ulcgt69villefranche.fr\/index.php?rest_route=\/wp\/v2\/posts\/2075\/revisions"}],"predecessor-version":[{"id":2080,"href":"http:\/\/www.ulcgt69villefranche.fr\/index.php?rest_route=\/wp\/v2\/posts\/2075\/revisions\/2080"}],"wp:attachment":[{"href":"http:\/\/www.ulcgt69villefranche.fr\/index.php?rest_route=%2Fwp%2Fv2%2Fmedia&parent=2075"}],"wp:term":[{"taxonomy":"category","embeddable":true,"href":"http:\/\/www.ulcgt69villefranche.fr\/index.php?rest_route=%2Fwp%2Fv2%2Fcategories&post=2075"},{"taxonomy":"post_tag","embeddable":true,"href":"http:\/\/www.ulcgt69villefranche.fr\/index.php?rest_route=%2Fwp%2Fv2%2Ftags&post=2075"}],"curies":[{"name":"wp","href":"https:\/\/api.w.org\/{rel}","templated":true}]}}