{"id":2059,"date":"2017-02-22T19:12:19","date_gmt":"2017-02-22T18:12:19","guid":{"rendered":"http:\/\/www.ulcgt69villefranche.fr\/?p=2059"},"modified":"2017-02-22T19:15:19","modified_gmt":"2017-02-22T18:15:19","slug":"7-mars-2017-pique-nique-revendicatif","status":"publish","type":"post","link":"http:\/\/www.ulcgt69villefranche.fr\/?p=2059","title":{"rendered":"7 MARS 2017 : PIQUE-NIQUE REVENDICATIF"},"content":{"rendered":"<h1 style=\"text-align: center;\"><strong><span style=\"text-decoration: underline;\"><span style=\"color: #ff0000; text-decoration: underline;\">Pique-nique revendicatif du MARDI 7 MARS de 11H30 \u00e0 13H30<\/span><\/span><\/strong><\/h1>\n<h1 style=\"text-align: center;\"><strong><span style=\"text-decoration: underline;\"><span style=\"color: #ff0000; text-decoration: underline;\">dans les Jardins de la Mairie de Villefranche<\/span><\/span><\/strong><\/h1>\n<p><a href=\"http:\/\/www.ulcgt69villefranche.fr\/wp-content\/uploads\/2017\/02\/images.png\"><img loading=\"lazy\" class=\"aligncenter size-full wp-image-2068\" title=\"images\" src=\"http:\/\/www.ulcgt69villefranche.fr\/wp-content\/uploads\/2017\/02\/images.png\" alt=\"\" width=\"307\" height=\"164\" srcset=\"http:\/\/www.ulcgt69villefranche.fr\/wp-content\/uploads\/2017\/02\/images.png 307w, http:\/\/www.ulcgt69villefranche.fr\/wp-content\/uploads\/2017\/02\/images-300x160.png 300w\" sizes=\"(max-width: 307px) 100vw, 307px\" \/><\/a><\/p>\n<p style=\"text-align: justify;\">Les f\u00e9d\u00e9rations CGT \/FO\/Soidaires et Autonomes de la fonction publique, mais aussi de la sant\u00e9, des organismes sociaux, de l&rsquo;\u00e9nergie&#8230;..appellent \u00e0<strong> une journ\u00e9e de mobilisation le 7 mars prochain<\/strong>, afin de d\u00e9fendre les services publics et la protection sociale<\/p>\n<p style=\"text-align: justify;\">Elles appellent, dans l&rsquo;unit\u00e9, \u00e0 des rassemblements, manifestations et gr\u00e8ve de partout dans le territoire. A cette occasion, <strong><span style=\"text-decoration: underline;\"><span style=\"color: #ff0000; text-decoration: underline;\">l&rsquo;Union Locale CGT de Villefranche en appui du syndicat CGT des Territoriaux<\/span><\/span><\/strong> appelle tous les syndiqu\u00e9s et syndicats du territoire \u00e0\u00a0 rejoindre\u00a0ce mouvement et \u00e0 participer au\u00a0au pique-nique revendicatif.<\/p>\n<p style=\"text-align: justify;\"><a title=\"Tract territoriaux\" href=\"http:\/\/www.ulcgt69villefranche.fr\/wp-content\/uploads\/2017\/02\/tract-fonction-publique-du-7-mars.pdf\" target=\"_blank\">Lire le Tract du Syndicat CGT des Territoriaux de Villefranche<\/a><\/p>\n<p style=\"text-align: justify;\"><a title=\"Tract unitaire\" href=\"http:\/\/www.ulcgt69villefranche.fr\/wp-content\/uploads\/2017\/02\/2017-02-13-DG-UGFF-COMMUNIQUE-INTERSYNDICAL-DES-OS-FP-7-MARS-2017-DEFENDONS-LE-SERVICE-PUBLIC.pdf\" target=\"_blank\">Lire le Tract unitaire<\/a><\/p>\n","protected":false},"excerpt":{"rendered":"<p>Pique-nique revendicatif du MARDI 7 MARS de 11H30 \u00e0 13H30 dans les Jardins de la Mairie de Villefranche Les f\u00e9d\u00e9rations CGT \/FO\/Soidaires et Autonomes de la fonction publique, mais aussi de la sant\u00e9, des organismes sociaux, de l&rsquo;\u00e9nergie&#8230;..appellent \u00e0 une journ\u00e9e de mobilisation le 7 mars prochain, afin de d\u00e9fendre les services publics et la [&hellip;]<\/p>\n","protected":false},"author":3,"featured_media":0,"comment_status":"closed","ping_status":"open","sticky":false,"template":"","format":"standard","meta":[],"categories":[1],"tags":[],"_links":{"self":[{"href":"http:\/\/www.ulcgt69villefranche.fr\/index.php?rest_route=\/wp\/v2\/posts\/2059"}],"collection":[{"href":"http:\/\/www.ulcgt69villefranche.fr\/index.php?rest_route=\/wp\/v2\/posts"}],"about":[{"href":"http:\/\/www.ulcgt69villefranche.fr\/index.php?rest_route=\/wp\/v2\/types\/post"}],"author":[{"embeddable":true,"href":"http:\/\/www.ulcgt69villefranche.fr\/index.php?rest_route=\/wp\/v2\/users\/3"}],"replies":[{"embeddable":true,"href":"http:\/\/www.ulcgt69villefranche.fr\/index.php?rest_route=%2Fwp%2Fv2%2Fcomments&post=2059"}],"version-history":[{"count":10,"href":"http:\/\/www.ulcgt69villefranche.fr\/index.php?rest_route=\/wp\/v2\/posts\/2059\/revisions"}],"predecessor-version":[{"id":2072,"href":"http:\/\/www.ulcgt69villefranche.fr\/index.php?rest_route=\/wp\/v2\/posts\/2059\/revisions\/2072"}],"wp:attachment":[{"href":"http:\/\/www.ulcgt69villefranche.fr\/index.php?rest_route=%2Fwp%2Fv2%2Fmedia&parent=2059"}],"wp:term":[{"taxonomy":"category","embeddable":true,"href":"http:\/\/www.ulcgt69villefranche.fr\/index.php?rest_route=%2Fwp%2Fv2%2Fcategories&post=2059"},{"taxonomy":"post_tag","embeddable":true,"href":"http:\/\/www.ulcgt69villefranche.fr\/index.php?rest_route=%2Fwp%2Fv2%2Ftags&post=2059"}],"curies":[{"name":"wp","href":"https:\/\/api.w.org\/{rel}","templated":true}]}}