{"id":2026,"date":"2017-01-06T15:29:56","date_gmt":"2017-01-06T14:29:56","guid":{"rendered":"http:\/\/www.ulcgt69villefranche.fr\/?p=2026"},"modified":"2017-01-12T16:27:53","modified_gmt":"2017-01-12T15:27:53","slug":"11012017-projection-du-film-la-sociale","status":"publish","type":"post","link":"http:\/\/www.ulcgt69villefranche.fr\/?p=2026","title":{"rendered":"11\/01\/2017 : PROJECTION DU FILM LA SOCIALE"},"content":{"rendered":"<h1 style=\"text-align: center;\"><span style=\"text-decoration: underline; color: #ff0000;\"><strong>MERCREDI 11 JANVIER 2017 \u00e0 18H30<\/strong><\/span><\/h1>\n<p style=\"text-align: center;\"><strong><span style=\"text-decoration: underline;\">VENDREDI 13 JANVIER 2017 \u00e0 21H<\/span><\/strong><\/p>\n<p style=\"text-align: center;\"><strong><span style=\"text-decoration: underline;\">SAMEDI 14 JANVIER 2017 \u00e0 14H30 et 16H30<\/span><\/strong><\/p>\n<h1 style=\"text-align: center;\"><span style=\"color: #000000;\"><span style=\"text-decoration: underline;\">CIN\u00c9MA LES 400 COUPS<\/span> (Espace Barmondi\u00e8re \u00e0 Villefranche sur Sa\u00f4ne)<\/span><\/h1>\n<h1 style=\"text-align: center;\"><span style=\"color: #000000;\">en pr\u00e9sence de son r\u00e9alisateur Gilles PERRET<\/span><\/h1>\n<p><a href=\"http:\/\/www.ulcgt69villefranche.fr\/wp-content\/uploads\/2017\/01\/la-sociale.jpg\"><img loading=\"lazy\" class=\"aligncenter size-full wp-image-2025\" title=\"la sociale\" src=\"http:\/\/www.ulcgt69villefranche.fr\/wp-content\/uploads\/2017\/01\/la-sociale.jpg\" alt=\"\" width=\"172\" height=\"232\" \/><\/a><\/p>\n<p style=\"text-align: justify;\"><span style=\"text-align: justify;\">En racontant l\u2019\u00e9tonnante histoire de la S\u00e9cu, La Sociale rend justice \u00e0 ses h\u00e9ros oubli\u00e9s, mais aussi \u00e0 une utopie toujours en marche, et dont b\u00e9n\u00e9ficient 65 millions de Fran\u00e7ais. La s\u00e9curit\u00e9 sociale nous prot\u00e8ge depuis 70 ans. Aujourd&rsquo;hui, c&rsquo;est \u00e0 nous de la prot\u00e9ger.<\/span><\/p>\n<p style=\"text-align: justify;\"><a href=\"http:\/\/www.lasociale.fr\/\" rel=\"nofollow nofollow\" target=\"_blank\">http:\/\/www.lasociale.fr\/<\/a><\/p>\n","protected":false},"excerpt":{"rendered":"<p>MERCREDI 11 JANVIER 2017 \u00e0 18H30 VENDREDI 13 JANVIER 2017 \u00e0 21H SAMEDI 14 JANVIER 2017 \u00e0 14H30 et 16H30 CIN\u00c9MA LES 400 COUPS (Espace Barmondi\u00e8re \u00e0 Villefranche sur Sa\u00f4ne) en pr\u00e9sence de son r\u00e9alisateur Gilles PERRET En racontant l\u2019\u00e9tonnante histoire de la S\u00e9cu, La Sociale rend justice \u00e0 ses h\u00e9ros oubli\u00e9s, mais aussi \u00e0 [&hellip;]<\/p>\n","protected":false},"author":3,"featured_media":0,"comment_status":"closed","ping_status":"open","sticky":false,"template":"","format":"standard","meta":[],"categories":[1],"tags":[],"_links":{"self":[{"href":"http:\/\/www.ulcgt69villefranche.fr\/index.php?rest_route=\/wp\/v2\/posts\/2026"}],"collection":[{"href":"http:\/\/www.ulcgt69villefranche.fr\/index.php?rest_route=\/wp\/v2\/posts"}],"about":[{"href":"http:\/\/www.ulcgt69villefranche.fr\/index.php?rest_route=\/wp\/v2\/types\/post"}],"author":[{"embeddable":true,"href":"http:\/\/www.ulcgt69villefranche.fr\/index.php?rest_route=\/wp\/v2\/users\/3"}],"replies":[{"embeddable":true,"href":"http:\/\/www.ulcgt69villefranche.fr\/index.php?rest_route=%2Fwp%2Fv2%2Fcomments&post=2026"}],"version-history":[{"count":8,"href":"http:\/\/www.ulcgt69villefranche.fr\/index.php?rest_route=\/wp\/v2\/posts\/2026\/revisions"}],"predecessor-version":[{"id":2035,"href":"http:\/\/www.ulcgt69villefranche.fr\/index.php?rest_route=\/wp\/v2\/posts\/2026\/revisions\/2035"}],"wp:attachment":[{"href":"http:\/\/www.ulcgt69villefranche.fr\/index.php?rest_route=%2Fwp%2Fv2%2Fmedia&parent=2026"}],"wp:term":[{"taxonomy":"category","embeddable":true,"href":"http:\/\/www.ulcgt69villefranche.fr\/index.php?rest_route=%2Fwp%2Fv2%2Fcategories&post=2026"},{"taxonomy":"post_tag","embeddable":true,"href":"http:\/\/www.ulcgt69villefranche.fr\/index.php?rest_route=%2Fwp%2Fv2%2Ftags&post=2026"}],"curies":[{"name":"wp","href":"https:\/\/api.w.org\/{rel}","templated":true}]}}