{"id":1991,"date":"2016-11-20T10:43:43","date_gmt":"2016-11-20T09:43:43","guid":{"rendered":"http:\/\/www.ulcgt69villefranche.fr\/?p=1991"},"modified":"2016-11-21T17:26:12","modified_gmt":"2016-11-21T16:26:12","slug":"151216-le-progres-social-cest-possible","status":"publish","type":"post","link":"http:\/\/www.ulcgt69villefranche.fr\/?p=1991","title":{"rendered":"15\/12\/16 : LE PROGR\u00c8S SOCIAL C&rsquo;EST POSSIBLE"},"content":{"rendered":"<p style=\"text-align: center;\" align=\"center\"><a href=\"http:\/\/www.ulcgt69villefranche.fr\/wp-content\/uploads\/2016\/11\/conf\u00e9rence-1936.jpg\"><img loading=\"lazy\" class=\"aligncenter  wp-image-1993\" title=\"conf\u00e9rence 1936\" src=\"http:\/\/www.ulcgt69villefranche.fr\/wp-content\/uploads\/2016\/11\/conf\u00e9rence-1936.jpg\" alt=\"\" width=\"290\" height=\"409\" srcset=\"http:\/\/www.ulcgt69villefranche.fr\/wp-content\/uploads\/2016\/11\/conf\u00e9rence-1936.jpg 483w, http:\/\/www.ulcgt69villefranche.fr\/wp-content\/uploads\/2016\/11\/conf\u00e9rence-1936-212x300.jpg 212w\" sizes=\"(max-width: 290px) 100vw, 290px\" \/><\/a><\/p>\n<h1 align=\"center\"><strong>LE PROGRES SOCIAL C\u2019EST POSSIBLE<\/strong><\/h1>\n<h1 align=\"center\"><strong>1936 LE FRONT POPULAIRE<\/strong><\/h1>\n<h1 align=\"center\"><strong>en France et \u00e0 Villefranche<\/strong><\/h1>\n<p style=\"text-align: justify;\" align=\"center\"><strong><\/strong><strong>Avec la victoire du Front Populaire<\/strong> aux \u00e9lections d&rsquo;avril\/mai 1936, les gr\u00e8ves avec occupation d&rsquo;usines se d\u00e9clenchent avec 2 millions de gr\u00e9vistes.<\/p>\n<p style=\"text-align: justify;\"><strong>Les accords de Matignon<\/strong> sign\u00e9s le 7 juin 1936 sont un acquis historique pour la classe ouvri\u00e8re : 40 heures hebdomadaires, repos du samedi\/dimanche, deux semaines de cong\u00e9s pay\u00e9s, augmentation des salaires, etc.<\/p>\n<p style=\"text-align: justify;\"><strong>A Villefranche<\/strong> les luttes se d\u00e9veloppent avec combativit\u00e9 dans beaucoup d&rsquo;entreprises : la m\u00e9tallurgie, les transports, le b\u00e2timent, le textile, la confection. Souvent l&rsquo;accord avec les patrons est repouss\u00e9 dans un premier temps par l&rsquo;assembl\u00e9e des ouvriers.<\/p>\n<p style=\"text-align: justify;\">Jeanne Augay est la cheville ouvri\u00e8re des luttes dans la confection. Alexandre Richetta et Antonin Ballandras n\u00e9gocient avec le patronat pour la CGT r\u00e9unifi\u00e9e.<\/p>\n<p style=\"text-align: justify;\"><strong>Le 14 juillet 1936<\/strong> une grande manifestation populaire avec des milliers de travailleurs parcourt la rue Nat.<strong> <\/strong>Quelques jours apr\u00e8s se tient la premi\u00e8re F\u00eate des M\u00e9tallos.<strong><\/strong><\/p>\n<p style=\"text-align: justify;\">La CGT, seule organisation syndicale \u00e0 Villefranche, s&rsquo;est renforc\u00e9e de plusieurs syndicats et de centaines d&rsquo;adh\u00e9sions.<\/p>\n<p style=\"text-align: justify;\">Aujourd\u2019hui encore les acquis de 1936 font partie de la vie de toutes et tous, regardons et discutons du pass\u00e9 pour mieux construire ensemble un avenir meilleur.<\/p>\n<p style=\"text-align: justify;\">Salari\u00e9s, retrait\u00e9s, ch\u00f4meurs, famille, amis, voisins, retrouvons nous nombreux.<\/p>\n<h1 style=\"text-align: center;\">\u00a0<strong>RENDEZ VOUS LE 15 D\u00c9CEMBRE 2016<\/strong><\/h1>\n<h1 style=\"text-align: center;\"><strong>A 17H30 \u00a0A LA BOURSE DU TRAVAIL<\/strong><\/h1>\n<h1 style=\"text-align: center;\"><strong>DE VILLEFRANCHE<\/strong><\/h1>\n","protected":false},"excerpt":{"rendered":"<p>LE PROGRES SOCIAL C\u2019EST POSSIBLE 1936 LE FRONT POPULAIRE en France et \u00e0 Villefranche Avec la victoire du Front Populaire aux \u00e9lections d&rsquo;avril\/mai 1936, les gr\u00e8ves avec occupation d&rsquo;usines se d\u00e9clenchent avec 2 millions de gr\u00e9vistes. Les accords de Matignon sign\u00e9s le 7 juin 1936 sont un acquis historique pour la classe ouvri\u00e8re : 40 [&hellip;]<\/p>\n","protected":false},"author":3,"featured_media":0,"comment_status":"closed","ping_status":"open","sticky":false,"template":"","format":"standard","meta":[],"categories":[1],"tags":[],"_links":{"self":[{"href":"http:\/\/www.ulcgt69villefranche.fr\/index.php?rest_route=\/wp\/v2\/posts\/1991"}],"collection":[{"href":"http:\/\/www.ulcgt69villefranche.fr\/index.php?rest_route=\/wp\/v2\/posts"}],"about":[{"href":"http:\/\/www.ulcgt69villefranche.fr\/index.php?rest_route=\/wp\/v2\/types\/post"}],"author":[{"embeddable":true,"href":"http:\/\/www.ulcgt69villefranche.fr\/index.php?rest_route=\/wp\/v2\/users\/3"}],"replies":[{"embeddable":true,"href":"http:\/\/www.ulcgt69villefranche.fr\/index.php?rest_route=%2Fwp%2Fv2%2Fcomments&post=1991"}],"version-history":[{"count":5,"href":"http:\/\/www.ulcgt69villefranche.fr\/index.php?rest_route=\/wp\/v2\/posts\/1991\/revisions"}],"predecessor-version":[{"id":1995,"href":"http:\/\/www.ulcgt69villefranche.fr\/index.php?rest_route=\/wp\/v2\/posts\/1991\/revisions\/1995"}],"wp:attachment":[{"href":"http:\/\/www.ulcgt69villefranche.fr\/index.php?rest_route=%2Fwp%2Fv2%2Fmedia&parent=1991"}],"wp:term":[{"taxonomy":"category","embeddable":true,"href":"http:\/\/www.ulcgt69villefranche.fr\/index.php?rest_route=%2Fwp%2Fv2%2Fcategories&post=1991"},{"taxonomy":"post_tag","embeddable":true,"href":"http:\/\/www.ulcgt69villefranche.fr\/index.php?rest_route=%2Fwp%2Fv2%2Ftags&post=1991"}],"curies":[{"name":"wp","href":"https:\/\/api.w.org\/{rel}","templated":true}]}}