{"id":1964,"date":"2016-07-01T17:57:16","date_gmt":"2016-07-01T15:57:16","guid":{"rendered":"http:\/\/www.ulcgt69villefranche.fr\/?p=1964"},"modified":"2016-07-02T14:14:21","modified_gmt":"2016-07-02T12:14:21","slug":"carton-rouge-a-la-loi-travail","status":"publish","type":"post","link":"http:\/\/www.ulcgt69villefranche.fr\/?p=1964","title":{"rendered":"CARTON ROUGE A LA LOI TRAVAIL"},"content":{"rendered":"<h1 style=\"text-align: center;\" align=\"justify\"><a href=\"http:\/\/www.ulcgt69villefranche.fr\/wp-content\/uploads\/2016\/07\/Carton-rouge-2.jpg\"><img loading=\"lazy\" class=\"aligncenter size-full wp-image-1966\" title=\"Carton rouge 2\" src=\"http:\/\/www.ulcgt69villefranche.fr\/wp-content\/uploads\/2016\/07\/Carton-rouge-2.jpg\" alt=\"\" width=\"160\" height=\"160\" srcset=\"http:\/\/www.ulcgt69villefranche.fr\/wp-content\/uploads\/2016\/07\/Carton-rouge-2.jpg 160w, http:\/\/www.ulcgt69villefranche.fr\/wp-content\/uploads\/2016\/07\/Carton-rouge-2-150x150.jpg 150w\" sizes=\"(max-width: 160px) 100vw, 160px\" \/><\/a><\/h1>\n<h1 style=\"text-align: center;\" align=\"justify\"><span style=\"text-decoration: underline; color: #ff0000;\"><strong>MANIFESTATION A VILLEFRANCHE<\/strong><\/span><\/h1>\n<h2 style=\"text-align: center;\"><strong><span style=\"text-decoration: underline;\"><span style=\"color: #0000ff; text-decoration: underline;\">MARDI 5 JUILLET 2016 PLACE DES ARTS A 17H<\/span><\/span><\/strong><\/h2>\n<h2 style=\"text-align: center;\" align=\"justify\"><a title=\"D\u00e9claration liminaire\" href=\"http:\/\/cgt.fr\/Intervention-liminaire-de-la.html\" target=\"_blank\">CONTRE UN PROJET DE LOI INJUSTE ET ILL\u00c9GAL<\/a><\/h2>\n<p style=\"text-align: center;\"><a title=\"D\u00e9claration liminaire\" href=\"http:\/\/cgt.fr\/Intervention-liminaire-de-la.html\" target=\"_blank\">Lire la d\u00e9claration liminaire<\/a><\/p>\n<p align=\"justify\"><em><span style=\"color: #000000;\"><span style=\"font-family: 'Trebuchet MS', Verdana, Arial, Helvetica, sans-serif;\">\u00ab\u00a0Le projet de loi dit travail est hors-la-loi internationale. Il l\u2019est doublement\u00a0: devant l\u2019Organisation Internationale du Travail (OIT) et devant les Nations-Unies (ONU). Monsieur le premier ministre, vous n\u2019avez pas d\u2019autre option que de le retirer. Sans quoi, nous n\u2019aurons pas d\u2019autre choix que de poursuivre la mobilisation contre un projet injuste et ill\u00e9gal\u00a0\u00bb\u00a0<\/span><\/span><\/em><span style=\"color: #000000;\"><span style=\"font-family: 'Trebuchet MS', Verdana, Arial, Helvetica, sans-serif;\">: a d\u00e9clar\u00e9 Philippe Martinez Secr\u00e9taire G\u00e9n\u00e9rale de la CGT lors de sa rencontre avec Manuel Valls et Myriam EL Khomri.<\/span><\/span><\/p>\n","protected":false},"excerpt":{"rendered":"<p>MANIFESTATION A VILLEFRANCHE MARDI 5 JUILLET 2016 PLACE DES ARTS A 17H CONTRE UN PROJET DE LOI INJUSTE ET ILL\u00c9GAL Lire la d\u00e9claration liminaire \u00ab\u00a0Le projet de loi dit travail est hors-la-loi internationale. Il l\u2019est doublement\u00a0: devant l\u2019Organisation Internationale du Travail (OIT) et devant les Nations-Unies (ONU). Monsieur le premier ministre, vous n\u2019avez pas d\u2019autre [&hellip;]<\/p>\n","protected":false},"author":3,"featured_media":0,"comment_status":"closed","ping_status":"open","sticky":false,"template":"","format":"standard","meta":[],"categories":[1],"tags":[],"_links":{"self":[{"href":"http:\/\/www.ulcgt69villefranche.fr\/index.php?rest_route=\/wp\/v2\/posts\/1964"}],"collection":[{"href":"http:\/\/www.ulcgt69villefranche.fr\/index.php?rest_route=\/wp\/v2\/posts"}],"about":[{"href":"http:\/\/www.ulcgt69villefranche.fr\/index.php?rest_route=\/wp\/v2\/types\/post"}],"author":[{"embeddable":true,"href":"http:\/\/www.ulcgt69villefranche.fr\/index.php?rest_route=\/wp\/v2\/users\/3"}],"replies":[{"embeddable":true,"href":"http:\/\/www.ulcgt69villefranche.fr\/index.php?rest_route=%2Fwp%2Fv2%2Fcomments&post=1964"}],"version-history":[{"count":5,"href":"http:\/\/www.ulcgt69villefranche.fr\/index.php?rest_route=\/wp\/v2\/posts\/1964\/revisions"}],"predecessor-version":[{"id":1970,"href":"http:\/\/www.ulcgt69villefranche.fr\/index.php?rest_route=\/wp\/v2\/posts\/1964\/revisions\/1970"}],"wp:attachment":[{"href":"http:\/\/www.ulcgt69villefranche.fr\/index.php?rest_route=%2Fwp%2Fv2%2Fmedia&parent=1964"}],"wp:term":[{"taxonomy":"category","embeddable":true,"href":"http:\/\/www.ulcgt69villefranche.fr\/index.php?rest_route=%2Fwp%2Fv2%2Fcategories&post=1964"},{"taxonomy":"post_tag","embeddable":true,"href":"http:\/\/www.ulcgt69villefranche.fr\/index.php?rest_route=%2Fwp%2Fv2%2Ftags&post=1964"}],"curies":[{"name":"wp","href":"https:\/\/api.w.org\/{rel}","templated":true}]}}