{"id":1786,"date":"2016-01-25T16:16:50","date_gmt":"2016-01-25T15:16:50","guid":{"rendered":"http:\/\/www.ulcgt69villefranche.fr\/?p=1786"},"modified":"2016-01-25T16:25:57","modified_gmt":"2016-01-25T15:25:57","slug":"26012016-rassemblement-place-des-arts-a-11h","status":"publish","type":"post","link":"http:\/\/www.ulcgt69villefranche.fr\/?p=1786","title":{"rendered":"26\/01\/2016 : RASSEMBLEMENT PLACE DES ARTS A 11H"},"content":{"rendered":"<p style=\"text-align: center;\"><a href=\"http:\/\/www.ulcgt69villefranche.fr\/wp-content\/uploads\/2016\/01\/bandeau-26janvier2016.jpg\"><img loading=\"lazy\" class=\"aligncenter  wp-image-1790\" title=\"bandeau-26janvier2016\" src=\"http:\/\/www.ulcgt69villefranche.fr\/wp-content\/uploads\/2016\/01\/bandeau-26janvier2016.jpg\" alt=\"\" width=\"720\" height=\"120\" srcset=\"http:\/\/www.ulcgt69villefranche.fr\/wp-content\/uploads\/2016\/01\/bandeau-26janvier2016.jpg 900w, http:\/\/www.ulcgt69villefranche.fr\/wp-content\/uploads\/2016\/01\/bandeau-26janvier2016-300x50.jpg 300w\" sizes=\"(max-width: 720px) 100vw, 720px\" \/><\/a><\/p>\n<p style=\"text-align: justify;\">Les f\u00e9d\u00e9rations CGT, FO, FSU et Solidaires des services publics de Villefranche, du Beaujolais et du Val de Sa\u00f4ne appellent l&rsquo;ensemble des agents \u00e0 faire gr\u00e8ve et \u00e0 se rassembler nombreux :<\/p>\n<h1 style=\"text-align: center;\"><strong><span style=\"text-decoration: underline;\"><span style=\"color: #ff0000; text-decoration: underline;\">MARDI 26 JANVIER 2016 A 11H<\/span><\/span><\/strong><\/h1>\n<h1 style=\"text-align: center;\"><strong><span style=\"text-decoration: underline;\"><span style=\"color: #ff0000; text-decoration: underline;\">PLACE DES ARTS \u00e0 VILLEFRANCHE<\/span><\/span><\/strong><\/h1>\n<p style=\"text-align: justify;\">Pour un service public de qualit\u00e9 et une nette augmentation du pouvoir d&rsquo;achat.<\/p>\n<p style=\"text-align: justify;\"><a title=\"Allocution rassemblement\" href=\"http:\/\/www.ulcgt69villefranche.fr\/wp-content\/uploads\/2016\/01\/2016-01-26-Allocution.pdf\" target=\"_blank\">Lire l&rsquo;allocution<\/a><\/p>\n","protected":false},"excerpt":{"rendered":"<p>Les f\u00e9d\u00e9rations CGT, FO, FSU et Solidaires des services publics de Villefranche, du Beaujolais et du Val de Sa\u00f4ne appellent l&rsquo;ensemble des agents \u00e0 faire gr\u00e8ve et \u00e0 se rassembler nombreux : MARDI 26 JANVIER 2016 A 11H PLACE DES ARTS \u00e0 VILLEFRANCHE Pour un service public de qualit\u00e9 et une nette augmentation du pouvoir [&hellip;]<\/p>\n","protected":false},"author":3,"featured_media":0,"comment_status":"closed","ping_status":"open","sticky":false,"template":"","format":"standard","meta":[],"categories":[1],"tags":[],"_links":{"self":[{"href":"http:\/\/www.ulcgt69villefranche.fr\/index.php?rest_route=\/wp\/v2\/posts\/1786"}],"collection":[{"href":"http:\/\/www.ulcgt69villefranche.fr\/index.php?rest_route=\/wp\/v2\/posts"}],"about":[{"href":"http:\/\/www.ulcgt69villefranche.fr\/index.php?rest_route=\/wp\/v2\/types\/post"}],"author":[{"embeddable":true,"href":"http:\/\/www.ulcgt69villefranche.fr\/index.php?rest_route=\/wp\/v2\/users\/3"}],"replies":[{"embeddable":true,"href":"http:\/\/www.ulcgt69villefranche.fr\/index.php?rest_route=%2Fwp%2Fv2%2Fcomments&post=1786"}],"version-history":[{"count":4,"href":"http:\/\/www.ulcgt69villefranche.fr\/index.php?rest_route=\/wp\/v2\/posts\/1786\/revisions"}],"predecessor-version":[{"id":1791,"href":"http:\/\/www.ulcgt69villefranche.fr\/index.php?rest_route=\/wp\/v2\/posts\/1786\/revisions\/1791"}],"wp:attachment":[{"href":"http:\/\/www.ulcgt69villefranche.fr\/index.php?rest_route=%2Fwp%2Fv2%2Fmedia&parent=1786"}],"wp:term":[{"taxonomy":"category","embeddable":true,"href":"http:\/\/www.ulcgt69villefranche.fr\/index.php?rest_route=%2Fwp%2Fv2%2Fcategories&post=1786"},{"taxonomy":"post_tag","embeddable":true,"href":"http:\/\/www.ulcgt69villefranche.fr\/index.php?rest_route=%2Fwp%2Fv2%2Ftags&post=1786"}],"curies":[{"name":"wp","href":"https:\/\/api.w.org\/{rel}","templated":true}]}}