{"id":1759,"date":"2016-01-06T20:22:46","date_gmt":"2016-01-06T19:22:46","guid":{"rendered":"http:\/\/www.ulcgt69villefranche.fr\/?p=1759"},"modified":"2016-01-06T20:33:19","modified_gmt":"2016-01-06T19:33:19","slug":"1759","status":"publish","type":"post","link":"http:\/\/www.ulcgt69villefranche.fr\/?p=1759","title":{"rendered":"EXPOSITION : Femmes au travail, comp\u00e9tentes mais mal pay\u00e9es !"},"content":{"rendered":"<div>\n<table cellspacing=\"0\" cellpadding=\"0\" align=\"left\">\n<tbody>\n<tr>\n<td style=\"text-align: center;\" align=\"left\" valign=\"top\">\n<h3 align=\"center\"><span style=\"text-decoration: underline; color: #3366ff;\"><span style=\"text-decoration: underline;\"><strong>Le Comit\u00e9 Lucie Aubrac de l&rsquo;Organisation de Femmes Egalit\u00e9\u00a0<\/strong><\/span><strong style=\"font-size: 1em;\">et l&rsquo;Union Locale CGT de Villefranche Beaujolais Val de Sa\u00f4ne\u00a0<\/strong><strong style=\"font-size: 1em;\">vous invitent \u00e0 visiter l&rsquo;Exposition<\/strong><\/span><\/h3>\n<h3 style=\"text-align: center;\"><strong><span style=\"color: #ff0000;\">\u00ab\u00a0Femmes au travail, invisibles\u00a0mais indispensables,<\/span><br \/>\n<span style=\"color: #ff0000;\"> comp\u00e9tentes mais mal pay\u00e9es\u00a0\u00bb<\/span><\/strong><\/h3>\n<h3 style=\"text-align: justify;\"><span style=\"color: #000000;\"><em>Les caissi\u00e8res, aides \u00e0 domicile, nounous, secr\u00e9taires, aides-soignantes, atsem, femmes du nettoyage, serveuses,\u2026 sont \u00e0 l\u2019honneur\u00a0!<\/em><\/span><\/h3>\n<h3 style=\"text-align: justify;\"><span style=\"color: #000000;\"><em>Cette exposition met en valeur ces m\u00e9tiers exerc\u00e9s en majorit\u00e9 par des femmes, aux multiples comp\u00e9tences, qui ont une grande importance dans la vie quotidienne de la soci\u00e9t\u00e9.<\/em><\/span><\/h3>\n<h4><em><span style=\"color: #ff0000;\">\u00a0<\/span><\/em><span style=\"text-decoration: underline;\"><span style=\"color: #ff0000; text-decoration: underline;\">du mercredi<strong> <\/strong><\/span><span style=\"color: #ff0000; text-decoration: underline;\"><strong>13<\/strong> au samedi <strong>16<\/strong> janvier 2016 de 12H \u00e0 18H<\/span><\/span><\/h4>\n<h3 align=\"center\"><span style=\"color: #008000;\"><strong><em>Galerie Municipale \u2013 Passage de l\u2019ancienne mairie \u00e0 Villefranche<\/em><\/strong><\/span><\/h3>\n<p><span style=\"text-decoration: underline; color: #0000ff;\"><strong><em><span style=\"font-size: 1.17em;\">Inauguration : Mercredi 13 Janvier 2016 suivi du verre de l&rsquo;amiti\u00e9 \u00e0 partir de 17H<\/span><\/em><\/strong><\/span><\/p>\n<h3 align=\"center\"><span style=\"color: #000000;\"><strong><em>Comit\u00e9 Lucie Aubrac<\/em><\/strong><\/span><\/h3>\n<h3 align=\"center\"><span style=\"color: #000000;\"><strong><em>ORGANISATION DE FEMMES\u00a0<\/em><\/strong><em>\u00c9GALIT\u00c9<\/em><\/span><\/h3>\n<h3 align=\"center\"><span style=\"color: #000000;\"><strong><em>Pour l\u2019\u00e9mancipation et le progr\u00e8s social<\/em><\/strong><\/span><\/h3>\n<h4 align=\"center\"><strong><em><a href=\"mailto:egalite.rhonealpes@laposte.net\" target=\"_blank\">egalite.rhonealpes@laposte.net<\/a><\/em><\/strong><strong><em> \/ <a href=\"http:\/\/www.femmes-egalite.org\" target=\"_blank\">www.femmes-egalite.org<\/a><\/em><\/strong><\/h4>\n<h3 align=\"center\"><span style=\"color: #000000;\"><strong><em>\u00a0<\/em><\/strong><strong><em>Union Locale CGT Villefranche sur Sa\u00f4ne<\/em><\/strong><\/span><\/h3>\n<h3 align=\"center\"><span style=\"color: #000000;\"><strong><em>Bourse du travail &#8211; 21, place Roger Rousset<\/em><\/strong><\/span><\/h3>\n<h4 align=\"center\"><a href=\"mailto:ul.cgtvillefranche69@free.fr\" target=\"_blank\"><strong><em>ul.cgtvillefranche69@free.fr<\/em><\/strong><\/a><strong><em>\u00a0\/ <a title=\"site ul CGT Villefranhce\" href=\"http:\/\/www.ulcgt69villefranche.fr\/\" target=\"_blank\">www.ulcgt69villefranche.fr\/<\/a><\/em><\/strong><\/h4>\n<\/td>\n<\/tr>\n<\/tbody>\n<\/table>\n<\/div>\n<p>&nbsp;<\/p>\n","protected":false},"excerpt":{"rendered":"<p>Le Comit\u00e9 Lucie Aubrac de l&rsquo;Organisation de Femmes Egalit\u00e9\u00a0et l&rsquo;Union Locale CGT de Villefranche Beaujolais Val de Sa\u00f4ne\u00a0vous invitent \u00e0 visiter l&rsquo;Exposition \u00ab\u00a0Femmes au travail, invisibles\u00a0mais indispensables, comp\u00e9tentes mais mal pay\u00e9es\u00a0\u00bb Les caissi\u00e8res, aides \u00e0 domicile, nounous, secr\u00e9taires, aides-soignantes, atsem, femmes du nettoyage, serveuses,\u2026 sont \u00e0 l\u2019honneur\u00a0! Cette exposition met en valeur ces m\u00e9tiers exerc\u00e9s [&hellip;]<\/p>\n","protected":false},"author":3,"featured_media":0,"comment_status":"closed","ping_status":"open","sticky":false,"template":"","format":"standard","meta":[],"categories":[1],"tags":[],"_links":{"self":[{"href":"http:\/\/www.ulcgt69villefranche.fr\/index.php?rest_route=\/wp\/v2\/posts\/1759"}],"collection":[{"href":"http:\/\/www.ulcgt69villefranche.fr\/index.php?rest_route=\/wp\/v2\/posts"}],"about":[{"href":"http:\/\/www.ulcgt69villefranche.fr\/index.php?rest_route=\/wp\/v2\/types\/post"}],"author":[{"embeddable":true,"href":"http:\/\/www.ulcgt69villefranche.fr\/index.php?rest_route=\/wp\/v2\/users\/3"}],"replies":[{"embeddable":true,"href":"http:\/\/www.ulcgt69villefranche.fr\/index.php?rest_route=%2Fwp%2Fv2%2Fcomments&post=1759"}],"version-history":[{"count":25,"href":"http:\/\/www.ulcgt69villefranche.fr\/index.php?rest_route=\/wp\/v2\/posts\/1759\/revisions"}],"predecessor-version":[{"id":1773,"href":"http:\/\/www.ulcgt69villefranche.fr\/index.php?rest_route=\/wp\/v2\/posts\/1759\/revisions\/1773"}],"wp:attachment":[{"href":"http:\/\/www.ulcgt69villefranche.fr\/index.php?rest_route=%2Fwp%2Fv2%2Fmedia&parent=1759"}],"wp:term":[{"taxonomy":"category","embeddable":true,"href":"http:\/\/www.ulcgt69villefranche.fr\/index.php?rest_route=%2Fwp%2Fv2%2Fcategories&post=1759"},{"taxonomy":"post_tag","embeddable":true,"href":"http:\/\/www.ulcgt69villefranche.fr\/index.php?rest_route=%2Fwp%2Fv2%2Ftags&post=1759"}],"curies":[{"name":"wp","href":"https:\/\/api.w.org\/{rel}","templated":true}]}}