{"id":1705,"date":"2015-11-12T18:51:14","date_gmt":"2015-11-12T17:51:14","guid":{"rendered":"http:\/\/www.ulcgt69villefranche.fr\/?p=1705"},"modified":"2015-11-12T18:51:53","modified_gmt":"2015-11-12T17:51:53","slug":"271115-a-17h-debat-public-120-ans-de-la-cgt","status":"publish","type":"post","link":"http:\/\/www.ulcgt69villefranche.fr\/?p=1705","title":{"rendered":"27\/11\/15 A 17H DEBAT PUBLIC 120 ANS DE LA CGT"},"content":{"rendered":"<p align=\"center\"><a href=\"http:\/\/www.ulcgt69villefranche.fr\/wp-content\/uploads\/2015\/11\/logo-120-ans-compress\u00e9.jpg\"><img loading=\"lazy\" class=\"aligncenter size-thumbnail wp-image-1704\" title=\"logo 120 ans compress\u00e9\" src=\"http:\/\/www.ulcgt69villefranche.fr\/wp-content\/uploads\/2015\/11\/logo-120-ans-compress\u00e9-150x150.jpg\" alt=\"Les 120 ans de La CGT\" width=\"150\" height=\"150\" \/><\/a><\/p>\n<p align=\"center\"><span style=\"color: #ff0000;\"><strong>L\u2019Union Locale CGT de Villefranche s\/s\u00a0<\/strong><strong>du Beaujolais et du Val de Sa\u00f4ne\u00a0<\/strong><\/span>a confi\u00e9 \u00e0 l\u2019association d\u2019histoire locale ouvri\u00e8re et sociale\u00a0:\u00a0<strong>\u00ab les Amis de la Soci\u00e9t\u00e9 Populaire\u00a0\u00bb,\u00a0<\/strong>la pr\u00e9sentation des<\/p>\n<h2 align=\"center\">\u00a0<span style=\"color: #0000ff;\"><strong>120 ans de la CGT \u00e0 Villefranche\u00a0<\/strong><strong>et dans le Beaujolais<\/strong><\/span><\/h2>\n<div>\n<h1 align=\"center\"><strong><span style=\"text-decoration: underline;\">Vendredi 27 novembre 2015<\/span><\/strong><\/h1>\n<h1 align=\"center\"><strong><span style=\"text-decoration: underline;\">\u00e0 17h \u00e0 la Bourse du Travail<\/span><\/strong><\/h1>\n<\/div>\n<p align=\"center\"><strong>Conf\u00e9rence publique avec d\u00e9bat, ouverte \u00e0 toutes et \u00e0 tous<\/strong><\/p>\n<p align=\"center\"><strong>Fa\u00eetes connaitre cette initiative autour de vous<\/strong><\/p>\n<p align=\"center\"><strong>Un vin d\u2019honneur cl\u00f4turera la soir\u00e9e<\/strong><\/p>\n","protected":false},"excerpt":{"rendered":"<p>L\u2019Union Locale CGT de Villefranche s\/s\u00a0du Beaujolais et du Val de Sa\u00f4ne\u00a0a confi\u00e9 \u00e0 l\u2019association d\u2019histoire locale ouvri\u00e8re et sociale\u00a0:\u00a0\u00ab les Amis de la Soci\u00e9t\u00e9 Populaire\u00a0\u00bb,\u00a0la pr\u00e9sentation des \u00a0120 ans de la CGT \u00e0 Villefranche\u00a0et dans le Beaujolais Vendredi 27 novembre 2015 \u00e0 17h \u00e0 la Bourse du Travail Conf\u00e9rence publique avec d\u00e9bat, ouverte \u00e0 [&hellip;]<\/p>\n","protected":false},"author":3,"featured_media":0,"comment_status":"closed","ping_status":"open","sticky":false,"template":"","format":"standard","meta":[],"categories":[1],"tags":[],"_links":{"self":[{"href":"http:\/\/www.ulcgt69villefranche.fr\/index.php?rest_route=\/wp\/v2\/posts\/1705"}],"collection":[{"href":"http:\/\/www.ulcgt69villefranche.fr\/index.php?rest_route=\/wp\/v2\/posts"}],"about":[{"href":"http:\/\/www.ulcgt69villefranche.fr\/index.php?rest_route=\/wp\/v2\/types\/post"}],"author":[{"embeddable":true,"href":"http:\/\/www.ulcgt69villefranche.fr\/index.php?rest_route=\/wp\/v2\/users\/3"}],"replies":[{"embeddable":true,"href":"http:\/\/www.ulcgt69villefranche.fr\/index.php?rest_route=%2Fwp%2Fv2%2Fcomments&post=1705"}],"version-history":[{"count":13,"href":"http:\/\/www.ulcgt69villefranche.fr\/index.php?rest_route=\/wp\/v2\/posts\/1705\/revisions"}],"predecessor-version":[{"id":1718,"href":"http:\/\/www.ulcgt69villefranche.fr\/index.php?rest_route=\/wp\/v2\/posts\/1705\/revisions\/1718"}],"wp:attachment":[{"href":"http:\/\/www.ulcgt69villefranche.fr\/index.php?rest_route=%2Fwp%2Fv2%2Fmedia&parent=1705"}],"wp:term":[{"taxonomy":"category","embeddable":true,"href":"http:\/\/www.ulcgt69villefranche.fr\/index.php?rest_route=%2Fwp%2Fv2%2Fcategories&post=1705"},{"taxonomy":"post_tag","embeddable":true,"href":"http:\/\/www.ulcgt69villefranche.fr\/index.php?rest_route=%2Fwp%2Fv2%2Ftags&post=1705"}],"curies":[{"name":"wp","href":"https:\/\/api.w.org\/{rel}","templated":true}]}}