{"id":1680,"date":"2015-09-14T12:33:25","date_gmt":"2015-09-14T10:33:25","guid":{"rendered":"http:\/\/www.ulcgt69villefranche.fr\/?p=1680"},"modified":"2015-10-09T14:19:09","modified_gmt":"2015-10-09T12:19:09","slug":"le-08102015-mobilisation-interprofessionnelle","status":"publish","type":"post","link":"http:\/\/www.ulcgt69villefranche.fr\/?p=1680","title":{"rendered":"LE 08\/10\/2015 MOBILISATION INTERPROFESSIONNELLE"},"content":{"rendered":"<div>\n<h6 style=\"text-align: center;\"><span style=\"text-decoration: underline;\"><span style=\"font-size: 2em; color: #ff0000; text-decoration: underline;\">CGT, FSU, Solidaires, UNEF, UNL appellent \u00e0 une journ\u00e9e de gr\u00e8ve et de mobilisations<\/span><\/span><\/h6>\n<\/div>\n<div>\n<h2 style=\"text-align: center;\"><a title=\"Allocution de Michel CATELIN\" href=\"http:\/\/www.ulcgt69villefranche.fr\/wp-content\/uploads\/2015\/10\/2015-10-08-ACTION.pdf\" target=\"_blank\">Lire l&rsquo;allocution de Michel CATELIN<\/a><\/h2>\n<p style=\"text-align: justify;\">Durant toute cette ann\u00e9e, les salari\u00e9-e-s et les retrait\u00e9-e-s se sont mobilis\u00e9-e-s \u00e0 plusieurs reprises dans les entreprises, dans les secteurs professionnels et au plan interprofessionnel pour exprimer leurs attentes, leur exasp\u00e9ration grandissante face \u00e0 une situation \u00e9conomique et sociale qui ne cesse de se d\u00e9grader et pour exiger une autre r\u00e9partition des richesses qu\u2019ils produisent.<\/p>\n<p style=\"text-align: justify;\"><a href=\"http:\/\/www.ulcgt69villefranche.fr\/wp-content\/uploads\/2015\/09\/2015-10-08.jpg\"><img loading=\"lazy\" class=\"aligncenter size-medium wp-image-1683\" title=\"JOURN\u00c9E ANTI-AUST\u00c9RIT\u00c9.\" src=\"http:\/\/www.ulcgt69villefranche.fr\/wp-content\/uploads\/2015\/09\/2015-10-08-300x194.jpg\" alt=\"\" width=\"300\" height=\"194\" srcset=\"http:\/\/www.ulcgt69villefranche.fr\/wp-content\/uploads\/2015\/09\/2015-10-08-300x194.jpg 300w, http:\/\/www.ulcgt69villefranche.fr\/wp-content\/uploads\/2015\/09\/2015-10-08.jpg 372w\" sizes=\"(max-width: 300px) 100vw, 300px\" \/><\/a><\/p>\n<h1 style=\"text-align: center;\"><span style=\"text-decoration: underline;\"><span style=\"color: #ff0000; text-decoration: underline;\"><strong>LE JEUDI 08 OCOTBRE 2015<\/strong><\/span><\/span><\/h1>\n<h1 style=\"text-align: center;\"><span style=\"text-decoration: underline;\"><span style=\"color: #ff0000; text-decoration: underline;\"><strong>PLACE DES ARTS A 17H<\/strong><\/span><\/span><\/h1>\n<p style=\"text-align: justify;\"><!--more-->Dans un contexte o\u00f9 les in\u00e9galit\u00e9s se creusent et o\u00f9 la pr\u00e9carit\u00e9 se d\u00e9veloppe, la CGT, FSU et Solidaires r\u00e9affirment leur volont\u00e9 de contribuer au renforcement des mobilisations et \u00e0 leurs convergences, dans un cadre unitaire le plus large possible.<\/p>\n<p style=\"text-align: justify;\">D\u00e8s \u00e0 pr\u00e9sent, elles invitent les salari\u00e9-es et les retrait\u00e9-es \u00e0 amplifier la mobilisation autour d\u2019une plateforme revendicative commune pour\u00a0:<\/p>\n<p><img loading=\"lazy\" src=\"http:\/\/cgt.fr\/local\/cache-vignettes\/L8xH11\/puce-32883.gif\" alt=\"-\" width=\"8\" height=\"11\" \/>\u00a0Augmenter les salaires, les retraites, les pensions, les minimas sociaux et le point d\u2019indice des fonctionnaires<\/p>\n<p><img loading=\"lazy\" src=\"http:\/\/cgt.fr\/local\/cache-vignettes\/L8xH11\/puce-32883.gif\" alt=\"-\" width=\"8\" height=\"11\" \/>\u00a0Promouvoir l\u2019\u00e9galit\u00e9 salariale femmes \/ hommes<\/p>\n<p><img loading=\"lazy\" src=\"http:\/\/cgt.fr\/local\/cache-vignettes\/L8xH11\/puce-32883.gif\" alt=\"-\" width=\"8\" height=\"11\" \/>\u00a0Am\u00e9liorer les conditions de travail et r\u00e9duire le temps de travail pour cr\u00e9er des emplois, combattre et r\u00e9duire le ch\u00f4mage<\/p>\n<p><img loading=\"lazy\" src=\"http:\/\/cgt.fr\/local\/cache-vignettes\/L8xH11\/puce-32883.gif\" alt=\"-\" width=\"8\" height=\"11\" \/>\u00a0P\u00e9renniser et am\u00e9liorer les garanties collectives<\/p>\n<p><img loading=\"lazy\" src=\"http:\/\/cgt.fr\/local\/cache-vignettes\/L8xH11\/puce-32883.gif\" alt=\"-\" width=\"8\" height=\"11\" \/>\u00a0P\u00e9renniser et am\u00e9liorer la protection sociale, les retraites compl\u00e9mentaires, pour garantir les droits \u00e0 la sant\u00e9 et \u00e0 la retraite<\/p>\n<p><img loading=\"lazy\" src=\"http:\/\/cgt.fr\/local\/cache-vignettes\/L8xH11\/puce-32883.gif\" alt=\"-\" width=\"8\" height=\"11\" \/>\u00a0D\u00e9velopper les investissements pour relancer l\u2019activit\u00e9 \u00e9conomique en tenant compte des imp\u00e9ratifs \u00e9cologiques<\/p>\n<p><img loading=\"lazy\" src=\"http:\/\/cgt.fr\/local\/cache-vignettes\/L8xH11\/puce-32883.gif\" alt=\"-\" width=\"8\" height=\"11\" \/>\u00a0Conforter et promouvoir les services publics<\/p>\n<p style=\"text-align: justify;\">L&rsquo;union Locale CGT de Villefranche sur Sa\u00f4ne appelle les salari\u00e9-es \u00e0 en d\u00e9battre pour construire une journ\u00e9e de mobilisation interprofessionnelle.<\/p>\n<p style=\"text-align: justify;\">Rendez-vous <span style=\"text-decoration: underline;\"><span style=\"color: #ff0000; text-decoration: underline;\"><strong>Place des Arts \u00e0 17H<\/strong><\/span><\/span> pour une prise de parole devant la sous-pr\u00e9fecture pour interpeller les pouvoirs publics et en cort\u00e8ge nous rejoindrons la CCI pour une deuxi\u00e8me prise de parole pour demander des comptes au patronat.<\/p>\n<\/div>\n","protected":false},"excerpt":{"rendered":"<p>CGT, FSU, Solidaires, UNEF, UNL appellent \u00e0 une journ\u00e9e de gr\u00e8ve et de mobilisations Lire l&rsquo;allocution de Michel CATELIN Durant toute cette ann\u00e9e, les salari\u00e9-e-s et les retrait\u00e9-e-s se sont mobilis\u00e9-e-s \u00e0 plusieurs reprises dans les entreprises, dans les secteurs professionnels et au plan interprofessionnel pour exprimer leurs attentes, leur exasp\u00e9ration grandissante face \u00e0 une [&hellip;]<\/p>\n","protected":false},"author":3,"featured_media":0,"comment_status":"closed","ping_status":"closed","sticky":false,"template":"","format":"standard","meta":[],"categories":[21,6],"tags":[],"_links":{"self":[{"href":"http:\/\/www.ulcgt69villefranche.fr\/index.php?rest_route=\/wp\/v2\/posts\/1680"}],"collection":[{"href":"http:\/\/www.ulcgt69villefranche.fr\/index.php?rest_route=\/wp\/v2\/posts"}],"about":[{"href":"http:\/\/www.ulcgt69villefranche.fr\/index.php?rest_route=\/wp\/v2\/types\/post"}],"author":[{"embeddable":true,"href":"http:\/\/www.ulcgt69villefranche.fr\/index.php?rest_route=\/wp\/v2\/users\/3"}],"replies":[{"embeddable":true,"href":"http:\/\/www.ulcgt69villefranche.fr\/index.php?rest_route=%2Fwp%2Fv2%2Fcomments&post=1680"}],"version-history":[{"count":13,"href":"http:\/\/www.ulcgt69villefranche.fr\/index.php?rest_route=\/wp\/v2\/posts\/1680\/revisions"}],"predecessor-version":[{"id":1701,"href":"http:\/\/www.ulcgt69villefranche.fr\/index.php?rest_route=\/wp\/v2\/posts\/1680\/revisions\/1701"}],"wp:attachment":[{"href":"http:\/\/www.ulcgt69villefranche.fr\/index.php?rest_route=%2Fwp%2Fv2%2Fmedia&parent=1680"}],"wp:term":[{"taxonomy":"category","embeddable":true,"href":"http:\/\/www.ulcgt69villefranche.fr\/index.php?rest_route=%2Fwp%2Fv2%2Fcategories&post=1680"},{"taxonomy":"post_tag","embeddable":true,"href":"http:\/\/www.ulcgt69villefranche.fr\/index.php?rest_route=%2Fwp%2Fv2%2Ftags&post=1680"}],"curies":[{"name":"wp","href":"https:\/\/api.w.org\/{rel}","templated":true}]}}