{"id":1670,"date":"2015-09-14T12:15:02","date_gmt":"2015-09-14T10:15:02","guid":{"rendered":"http:\/\/www.ulcgt69villefranche.fr\/?p=1670"},"modified":"2015-09-16T16:31:11","modified_gmt":"2015-09-16T14:31:11","slug":"le-230915-tous-ensemble-pour-les-libertes-syndicales","status":"publish","type":"post","link":"http:\/\/www.ulcgt69villefranche.fr\/?p=1670","title":{"rendered":"LE 23\/09\/15 TOUS ENSEMBLE POUR LES LIBERT\u00c9S SYNDICALES"},"content":{"rendered":"<h1 style=\"text-align: center;\"><span style=\"text-decoration: underline;\"><span style=\"color: #ff0000;\"><strong>Journ\u00e9e nationale de solidarit\u00e9 et d\u2019actions<\/strong><\/span><\/span><\/h1>\n<h1 style=\"text-align: center;\"><span style=\"text-decoration: underline;\"><span style=\"color: #ff0000;\"><strong> du 23 septembre 2015<\/strong><\/span><\/span><\/h1>\n<p style=\"text-align: justify;\">Une grande initiative nationale pour les libert\u00e9s syndicales est programm\u00e9e par la CGT dans plusieurs villes de France le <span style=\"text-decoration: underline; color: #ff0000;\"><strong>23 septembre 2015<\/strong><\/span>. A Villefranche sur Sa\u00f4ne, un rassemblement aura lieu <strong><span style=\"text-decoration: underline;\"><span style=\"color: #ff0000; text-decoration: underline;\">Place des Arts \u00e0 17H<\/span><\/span><\/strong> pour accompagner une d\u00e9l\u00e9gation de l&rsquo;Union Locale CGT qui ira interpeller le sous-pr\u00e9fet pour porter nos exigences\u00a0:<\/p>\n<p style=\"text-align: justify;\">\u2022 Faire voter une loi d\u2019amnistie pour tous les militants syndicalistes et associatifs\u00a0;<br \/>\n\u2022 Ne pas donner de suites judiciaires aux tentatives patronales de criminaliser l\u2019action syndicales\u00a0;<br \/>\n\u2022 Renforcer la protection des militants syndicaux, agissant dans l\u2019int\u00e9r\u00eat g\u00e9n\u00e9ral des salari\u00e9s dans le cadre d\u2019actions collectives, en modifiant d\u2019une part le Code P\u00e9nal et d\u2019autre part, en supprimant le pr\u00e9l\u00e8vement d\u2019ADN de tous les militants.<\/p>\n<p style=\"text-align: center;\"><strong><span style=\"text-decoration: underline; color: #ff0000;\">Pour la CGT, porter atteinte \u00e0 un militant syndical, c\u2019est porter atteinte \u00e0 toute la CGT et donc \u00e0 l&rsquo;ensemble des salari\u00e9s !<\/span><\/strong><\/p>\n<p style=\"text-align: justify;\"><a href=\"http:\/\/www.ulcgt69villefranche.fr\/wp-content\/uploads\/2015\/09\/carrousel_affiches_libertes-syndicales_1.jpg\"><img loading=\"lazy\" class=\"aligncenter size-full wp-image-1674\" title=\"carrousel_affiches_libertes-syndicales_1\" src=\"http:\/\/www.ulcgt69villefranche.fr\/wp-content\/uploads\/2015\/09\/carrousel_affiches_libertes-syndicales_1.jpg\" alt=\"\" width=\"260\" height=\"241\" \/><\/a><\/p>\n","protected":false},"excerpt":{"rendered":"<p>Journ\u00e9e nationale de solidarit\u00e9 et d\u2019actions du 23 septembre 2015 Une grande initiative nationale pour les libert\u00e9s syndicales est programm\u00e9e par la CGT dans plusieurs villes de France le 23 septembre 2015. A Villefranche sur Sa\u00f4ne, un rassemblement aura lieu Place des Arts \u00e0 17H pour accompagner une d\u00e9l\u00e9gation de l&rsquo;Union Locale CGT qui ira [&hellip;]<\/p>\n","protected":false},"author":3,"featured_media":0,"comment_status":"closed","ping_status":"closed","sticky":false,"template":"","format":"standard","meta":[],"categories":[21,6],"tags":[],"_links":{"self":[{"href":"http:\/\/www.ulcgt69villefranche.fr\/index.php?rest_route=\/wp\/v2\/posts\/1670"}],"collection":[{"href":"http:\/\/www.ulcgt69villefranche.fr\/index.php?rest_route=\/wp\/v2\/posts"}],"about":[{"href":"http:\/\/www.ulcgt69villefranche.fr\/index.php?rest_route=\/wp\/v2\/types\/post"}],"author":[{"embeddable":true,"href":"http:\/\/www.ulcgt69villefranche.fr\/index.php?rest_route=\/wp\/v2\/users\/3"}],"replies":[{"embeddable":true,"href":"http:\/\/www.ulcgt69villefranche.fr\/index.php?rest_route=%2Fwp%2Fv2%2Fcomments&post=1670"}],"version-history":[{"count":12,"href":"http:\/\/www.ulcgt69villefranche.fr\/index.php?rest_route=\/wp\/v2\/posts\/1670\/revisions"}],"predecessor-version":[{"id":1694,"href":"http:\/\/www.ulcgt69villefranche.fr\/index.php?rest_route=\/wp\/v2\/posts\/1670\/revisions\/1694"}],"wp:attachment":[{"href":"http:\/\/www.ulcgt69villefranche.fr\/index.php?rest_route=%2Fwp%2Fv2%2Fmedia&parent=1670"}],"wp:term":[{"taxonomy":"category","embeddable":true,"href":"http:\/\/www.ulcgt69villefranche.fr\/index.php?rest_route=%2Fwp%2Fv2%2Fcategories&post=1670"},{"taxonomy":"post_tag","embeddable":true,"href":"http:\/\/www.ulcgt69villefranche.fr\/index.php?rest_route=%2Fwp%2Fv2%2Ftags&post=1670"}],"curies":[{"name":"wp","href":"https:\/\/api.w.org\/{rel}","templated":true}]}}