{"id":1650,"date":"2015-06-13T15:45:06","date_gmt":"2015-06-13T13:45:06","guid":{"rendered":"http:\/\/www.ulcgt69villefranche.fr\/?p=1650"},"modified":"2015-06-13T15:46:15","modified_gmt":"2015-06-13T13:46:15","slug":"congres-union-locale-cgt-du-4-au-5-juin-2015","status":"publish","type":"post","link":"http:\/\/www.ulcgt69villefranche.fr\/?p=1650","title":{"rendered":"CONGRES UNION LOCALE CGT DU 4 au 5 JUIN 2015"},"content":{"rendered":"<h2 style=\"text-align: center;\">\u00a0CONGRES UNION LOCALE CGT DU 4 au 5 JUIN 2015<\/h2>\n<p><a href=\"http:\/\/www.ulcgt69villefranche.fr\/wp-content\/uploads\/2015\/06\/2015-06-04-Congr\u00e8s-UL-Photo.jpg\"><img loading=\"lazy\" class=\"aligncenter size-medium wp-image-1647\" title=\"2015 06 04 Congr\u00e8s UL Photo\" src=\"http:\/\/www.ulcgt69villefranche.fr\/wp-content\/uploads\/2015\/06\/2015-06-04-Congr\u00e8s-UL-Photo-300x225.jpg\" alt=\"\" width=\"300\" height=\"225\" srcset=\"http:\/\/www.ulcgt69villefranche.fr\/wp-content\/uploads\/2015\/06\/2015-06-04-Congr\u00e8s-UL-Photo-300x225.jpg 300w, http:\/\/www.ulcgt69villefranche.fr\/wp-content\/uploads\/2015\/06\/2015-06-04-Congr\u00e8s-UL-Photo.jpg 640w\" sizes=\"(max-width: 300px) 100vw, 300px\" \/><\/a><\/p>\n<p style=\"text-align: justify;\">Une cinquantaine de militants CGT du territoire de Villefranche, du Beaujolais et du Val de Sa\u00f4ne se sont r\u00e9unis les 04 et 05 Juin 2015 \u00e0 la Bourse du Travail pour le congr\u00e8s de <a title=\"Union Locale CGT Villefranche\" href=\"http:\/\/www.ulcgt69villefranche.fr\/\" target=\"_blank\">l&rsquo;Union Locale CGT<\/a>. Ce moment important de la vie d\u00e9mocratique de notre organisation permet de faire le bilan des trois ann\u00e9es \u00e9coul\u00e9es et de se projeter pour les trois ans \u00e0 venir.<\/p>\n<p style=\"text-align: justify;\">Apr\u00e8s lecture du <a title=\"Rapport d'actualit\u00e9 et d'activit\u00e9\" href=\"http:\/\/www.ulcgt69villefranche.fr\/wp-content\/uploads\/2015\/06\/2015-06-04-Congr\u00e8s-UL-rapport-actualit\u00e9-activit\u00e9.pdf\" target=\"_blank\">rapport d&rsquo;activit\u00e9 et d&rsquo;actualit\u00e9<\/a>, la parole a \u00e9t\u00e9 donn\u00e9e \u00e0 l&rsquo;assistance pour un d\u00e9bat. Une discussion s&rsquo;est ensuite engag\u00e9e sur la n\u00e9cessit\u00e9 de r\u00e9affirmer le fondement m\u00eame de notre syndicalisme CGT comme \u00e9tant de <a title=\"Luttes de classe et de masse\" href=\"http:\/\/www.ulcgt69villefranche.fr\/wp-content\/uploads\/2015\/06\/2015-06-04-Congr\u00e8s-UL-intro-lutte-des-classes.pdf\" target=\"_blank\">luttes de masse et de classe<\/a>.<\/p>\n<p style=\"text-align: justify;\">Les lois de r\u00e9gression sociale (ANI, retraite, Macron, renseignement, NOTRe, coll\u00e8ge, sant\u00e9, AGIRC\/ARCCO&#8230;) ont \u00e9galement \u00e9t\u00e9 longuement comment\u00e9es par l&rsquo;ensemble des militants et en particulier le projet de loi dit de \u00ab\u00a0<a title=\"Dialogue Social\" href=\"http:\/\/www.ulcgt69villefranche.fr\/wp-content\/uploads\/2015\/06\/2015-06-04-Congr\u00e8s-UL-dialogue-social.pdf\" target=\"_blank\">dialogue social<\/a>\u00a0\u00bb v\u00e9ritable atteinte aux droits syndicaux avec la fusion des (IRP) Instances Repr\u00e9sentatives du Personnel DP\/CE\/CHSCT dans une (DUP) D\u00e9l\u00e9gation Unique du Personnel.<\/p>\n<p style=\"text-align: justify;\"><a title=\"Les chiffres du ch\u00f4mage\" href=\"http:\/\/www.ulcgt69villefranche.fr\/wp-content\/uploads\/2015\/06\/2015-06-04-Congr\u00e8s-UL-stats-sur-chomage.pdf\" target=\"_blank\">Les chiffres du ch\u00f4mage sur notre territoire<\/a> ont \u00e9t\u00e9 pr\u00e9sent\u00e9s et comment\u00e9s. Le cabinet SECAFI a ensuite effectu\u00e9 <a title=\"Diagnostic territorial\" href=\"http:\/\/www.ulcgt69villefranche.fr\/wp-content\/uploads\/2015\/06\/2015-06-04-Congr\u00e8s-UL-DIAG-Territoire-Villefranche.pdf\" target=\"_blank\">un diagnostic territorial de la population, de la formation et de l&#8217;emploi<\/a>. Un d\u00e9bat a \u00e9t\u00e9 initi\u00e9 sur la n\u00e9cessit\u00e9 <a title=\"Combattre l'extr\u00eame-droite\" href=\"https:\/\/www.youtube.com\/watch?v=rY1GiJ64gpk\" target=\"_blank\">qu&rsquo;aujourd&rsquo;hui comme hier, il faut combattre l&rsquo;extr\u00eame-droite<\/a>.<\/p>\n<p style=\"text-align: justify;\">L&rsquo;intervention de l&rsquo;Institut d&rsquo;Histoire Sociale sur <a title=\"Les 120 ans de la CGT\" href=\"http:\/\/www.cgt.fr\/-120e-anniversaire-de-la-CGT-.html\" target=\"_blank\">les 120 ans de la CGT<\/a> a \u00e9t\u00e9 particuli\u00e8rement appr\u00e9ci\u00e9e tout comme l&rsquo;exposition pr\u00eat\u00e9e par <a title=\"UD69\" href=\"http:\/\/www.ud69.cgt.fr\/wp\/\" target=\"_blank\">l&rsquo;Union D\u00e9partementale du Rh\u00f4ne<\/a> pour l&rsquo;occasion. La maxime : \u00ab\u00a0Conna\u00eetre le pass\u00e9 pour comprendre le pr\u00e9sent et construire l&rsquo;avenir\u00a0\u00bb n&rsquo;a jamais \u00e9t\u00e9 autant d&rsquo;actualit\u00e9.<\/p>\n<p style=\"text-align: justify;\">Le rapport financier, l&rsquo;\u00e9lection des nouveaux membres de la commission ex\u00e9cutive, du bureau et du nouveau secr\u00e9taire g\u00e9n\u00e9ral de l&rsquo;Union Locale CGT ont \u00e9t\u00e9 valid\u00e9s par les d\u00e9l\u00e9gu\u00e9s pr\u00e9sents au congr\u00e8s.<\/p>\n<p style=\"text-align: justify;\">Le traditionnel pot fraternel a conclu ces deux jours riches en d\u00e9bats.<\/p>\n<p style=\"text-align: justify;\"><a href=\"http:\/\/www.ulcgt69villefranche.fr\/wp-content\/uploads\/2015\/06\/120-ans.jpg\"><img loading=\"lazy\" class=\"aligncenter size-full wp-image-1659\" title=\"logo 120 ans Irise Bon\" src=\"http:\/\/www.ulcgt69villefranche.fr\/wp-content\/uploads\/2015\/06\/120-ans.jpg\" alt=\"\" width=\"167\" height=\"189\" \/><\/a><\/p>\n","protected":false},"excerpt":{"rendered":"<p>\u00a0CONGRES UNION LOCALE CGT DU 4 au 5 JUIN 2015 Une cinquantaine de militants CGT du territoire de Villefranche, du Beaujolais et du Val de Sa\u00f4ne se sont r\u00e9unis les 04 et 05 Juin 2015 \u00e0 la Bourse du Travail pour le congr\u00e8s de l&rsquo;Union Locale CGT. Ce moment important de la vie d\u00e9mocratique de [&hellip;]<\/p>\n","protected":false},"author":3,"featured_media":0,"comment_status":"closed","ping_status":"open","sticky":false,"template":"","format":"standard","meta":[],"categories":[1],"tags":[],"_links":{"self":[{"href":"http:\/\/www.ulcgt69villefranche.fr\/index.php?rest_route=\/wp\/v2\/posts\/1650"}],"collection":[{"href":"http:\/\/www.ulcgt69villefranche.fr\/index.php?rest_route=\/wp\/v2\/posts"}],"about":[{"href":"http:\/\/www.ulcgt69villefranche.fr\/index.php?rest_route=\/wp\/v2\/types\/post"}],"author":[{"embeddable":true,"href":"http:\/\/www.ulcgt69villefranche.fr\/index.php?rest_route=\/wp\/v2\/users\/3"}],"replies":[{"embeddable":true,"href":"http:\/\/www.ulcgt69villefranche.fr\/index.php?rest_route=%2Fwp%2Fv2%2Fcomments&post=1650"}],"version-history":[{"count":17,"href":"http:\/\/www.ulcgt69villefranche.fr\/index.php?rest_route=\/wp\/v2\/posts\/1650\/revisions"}],"predecessor-version":[{"id":1668,"href":"http:\/\/www.ulcgt69villefranche.fr\/index.php?rest_route=\/wp\/v2\/posts\/1650\/revisions\/1668"}],"wp:attachment":[{"href":"http:\/\/www.ulcgt69villefranche.fr\/index.php?rest_route=%2Fwp%2Fv2%2Fmedia&parent=1650"}],"wp:term":[{"taxonomy":"category","embeddable":true,"href":"http:\/\/www.ulcgt69villefranche.fr\/index.php?rest_route=%2Fwp%2Fv2%2Fcategories&post=1650"},{"taxonomy":"post_tag","embeddable":true,"href":"http:\/\/www.ulcgt69villefranche.fr\/index.php?rest_route=%2Fwp%2Fv2%2Ftags&post=1650"}],"curies":[{"name":"wp","href":"https:\/\/api.w.org\/{rel}","templated":true}]}}