{"id":1601,"date":"2015-03-22T15:43:07","date_gmt":"2015-03-22T14:43:07","guid":{"rendered":"http:\/\/www.ulcgt69villefranche.fr\/?p=1601"},"modified":"2015-04-03T14:25:44","modified_gmt":"2015-04-03T12:25:44","slug":"greve-et-manifestation-a-paris","status":"publish","type":"post","link":"http:\/\/www.ulcgt69villefranche.fr\/?p=1601","title":{"rendered":"GREVE ET MANIFESTATION A PARIS"},"content":{"rendered":"<p><a href=\"http:\/\/www.ulcgt69villefranche.fr\/wp-content\/uploads\/2015\/03\/9-avril.png\"><img loading=\"lazy\" class=\"aligncenter size-medium wp-image-1600\" title=\"9 avril\" src=\"http:\/\/www.ulcgt69villefranche.fr\/wp-content\/uploads\/2015\/03\/9-avril-300x210.png\" alt=\"\" width=\"300\" height=\"210\" srcset=\"http:\/\/www.ulcgt69villefranche.fr\/wp-content\/uploads\/2015\/03\/9-avril-300x210.png 300w, http:\/\/www.ulcgt69villefranche.fr\/wp-content\/uploads\/2015\/03\/9-avril.png 400w\" sizes=\"(max-width: 300px) 100vw, 300px\" \/><\/a><\/p>\n<p style=\"text-align: justify;\"><span style=\"text-decoration: underline;\"><strong><span style=\"color: #ff0000; text-decoration: underline;\">L&rsquo;Union Locale CGT Villefranche Beaujolais Val de Sa\u00f4ne<\/span><\/strong><\/span> appelle l&rsquo;ensemble des salari\u00e9s \u00e0 massivement faire gr\u00e8ve et avec les priv\u00e9s d&#8217;emploi, les retrait\u00e9s \u00e0 participer nombreux \u00e0 la grande manifestation nationale \u00e0 Paris le Jeudi 9 Avril 2015 pour l&#8217;emploi, les salaires, la protection sociale, les services publics et pour combattre l&rsquo;aust\u00e9rit\u00e9.<\/p>\n<p style=\"text-align: justify;\"><span style=\"text-decoration: underline;\"><strong><span style=\"color: #0000ff; text-decoration: underline;\">D\u00e9part des cars de Villefranche pour Paris<\/span><\/strong><\/span>\u00a0\u00e0 6H et retour pr\u00e9vu vers 23H. Inscriptions \u00e0 l&rsquo;UL en t\u00e9l\u00e9phonant au 04 74 65 25 31 ou par mail <a title=\"ul.cgtvillefranche69@free.fr\" href=\"mailto:ul.cgtvillefranche69@free.fr\">ul.cgtvillefranche69@free.fr<\/a><\/p>\n<p style=\"text-align: justify;\">Manifestation sur Lyon au D\u00e9part de la place Jean Mac\u00e9 \u00e0 10H30 jusqu&rsquo;\u00e0 la place Bellecour en passant par la Pr\u00e9fecture du Rh\u00f4ne.<\/p>\n","protected":false},"excerpt":{"rendered":"<p>L&rsquo;Union Locale CGT Villefranche Beaujolais Val de Sa\u00f4ne appelle l&rsquo;ensemble des salari\u00e9s \u00e0 massivement faire gr\u00e8ve et avec les priv\u00e9s d&#8217;emploi, les retrait\u00e9s \u00e0 participer nombreux \u00e0 la grande manifestation nationale \u00e0 Paris le Jeudi 9 Avril 2015 pour l&#8217;emploi, les salaires, la protection sociale, les services publics et pour combattre l&rsquo;aust\u00e9rit\u00e9. D\u00e9part des cars [&hellip;]<\/p>\n","protected":false},"author":3,"featured_media":0,"comment_status":"closed","ping_status":"open","sticky":false,"template":"","format":"standard","meta":[],"categories":[22,20,21,19,6],"tags":[],"_links":{"self":[{"href":"http:\/\/www.ulcgt69villefranche.fr\/index.php?rest_route=\/wp\/v2\/posts\/1601"}],"collection":[{"href":"http:\/\/www.ulcgt69villefranche.fr\/index.php?rest_route=\/wp\/v2\/posts"}],"about":[{"href":"http:\/\/www.ulcgt69villefranche.fr\/index.php?rest_route=\/wp\/v2\/types\/post"}],"author":[{"embeddable":true,"href":"http:\/\/www.ulcgt69villefranche.fr\/index.php?rest_route=\/wp\/v2\/users\/3"}],"replies":[{"embeddable":true,"href":"http:\/\/www.ulcgt69villefranche.fr\/index.php?rest_route=%2Fwp%2Fv2%2Fcomments&post=1601"}],"version-history":[{"count":12,"href":"http:\/\/www.ulcgt69villefranche.fr\/index.php?rest_route=\/wp\/v2\/posts\/1601\/revisions"}],"predecessor-version":[{"id":1614,"href":"http:\/\/www.ulcgt69villefranche.fr\/index.php?rest_route=\/wp\/v2\/posts\/1601\/revisions\/1614"}],"wp:attachment":[{"href":"http:\/\/www.ulcgt69villefranche.fr\/index.php?rest_route=%2Fwp%2Fv2%2Fmedia&parent=1601"}],"wp:term":[{"taxonomy":"category","embeddable":true,"href":"http:\/\/www.ulcgt69villefranche.fr\/index.php?rest_route=%2Fwp%2Fv2%2Fcategories&post=1601"},{"taxonomy":"post_tag","embeddable":true,"href":"http:\/\/www.ulcgt69villefranche.fr\/index.php?rest_route=%2Fwp%2Fv2%2Ftags&post=1601"}],"curies":[{"name":"wp","href":"https:\/\/api.w.org\/{rel}","templated":true}]}}