{"id":1573,"date":"2015-01-22T08:40:23","date_gmt":"2015-01-22T07:40:23","guid":{"rendered":"http:\/\/www.ulcgt69villefranche.fr\/?p=1573"},"modified":"2015-01-22T08:45:27","modified_gmt":"2015-01-22T07:45:27","slug":"et-pendant-ce-temps-la","status":"publish","type":"post","link":"http:\/\/www.ulcgt69villefranche.fr\/?p=1573","title":{"rendered":"ET PENDANT CE TEMPS L\u00c0 !!!"},"content":{"rendered":"<p style=\"text-align: justify;\">Les r\u00e9ponses aux drames de ce d\u00e9but d&rsquo;ann\u00e9e ne peuvent pas \u00eatre que s\u00e9curitaires et encore moins belliqueuses. Les fondamentalismes religieux, les nationalismes et les r\u00e9gionalismes prosp\u00e8rent sur le terreau de la mis\u00e8re sociale. Pendant que \u00ab\u00a0nous sommes tous Charlie\u00a0\u00bb (pas pour les m\u00eames raisons !!!), le gouvernement continue de d\u00e9rouler ses lois de r\u00e9gressions sociales :<\/p>\n<p style=\"text-align: justify;\">1- <a title=\"Projet de Loi Macron\" href=\"http:\/\/www.ulcgt69villefranche.fr\/wp-content\/uploads\/2015\/01\/2015-01-20-tract-macron.pdf\" target=\"_blank\">Projet de loi Macron<\/a> (<a title=\"Travail du dimanche\" href=\"http:\/\/www.ulcgt69villefranche.fr\/wp-content\/uploads\/2015\/01\/2015-01-20-Tract_Villefranche-verso.pdf\" target=\"_blank\">G\u00e9n\u00e9ralisation du travail du dimanche, de soir\u00e9e, de nuit<\/a>, casse du code du travail, <a title=\"Casse des prud'hommes\" href=\"http:\/\/www.ulcgt69villefranche.fr\/wp-content\/uploads\/2015\/01\/2015-01-20-tract-Prudhommes-recto.pdf\" target=\"_blank\">de la justice prud&rsquo;homale<\/a>, de la m\u00e9decine et de l&rsquo;inspection du travail, privatisations de services publics&#8230;)<\/p>\n<p style=\"text-align: justify;\">2- <a title=\"Loi Dialoue Social\" href=\"http:\/\/www.ulcgt69villefranche.fr\/wp-content\/uploads\/2015\/01\/2015-01-20-Loi-Dialogue-Social.pdf\" target=\"_blank\">Projet de Loi sur le Dialogue Social<\/a> (fusion des instances repr\u00e9sentatives du personnel : suppression des CHSCT, des Comit\u00e9s d&rsquo;Entreprises et des D\u00e9l\u00e9gu\u00e9s du Personnel remplac\u00e9s par un <a title=\"Conseil d'entreprise\" href=\"http:\/\/www.ulcgt69villefranche.fr\/wp-content\/uploads\/2015\/01\/2015-01-20-Conseil-d-entreprise.pdf\" target=\"_blank\">Conseil d&rsquo;Entreprise<\/a>)<\/p>\n<p style=\"text-align: justify;\">3- <a title=\"Loi Transition \u00e9nerg\u00e9tique\" href=\"http:\/\/www.ulcgt69villefranche.fr\/wp-content\/uploads\/2015\/01\/2015-01-20-Loi-transition-\u00e9n\u00e9rg\u00e9tique.pdf\" target=\"_blank\">Projet de Loi sur la Transition \u00c9nerg\u00e9tique<\/a> (Quelques chiffres sur la Transition \u00e9nerg\u00e9tique :\u00a080 % c\u2019est l\u2019augmentation du prix du gaz depuis 2005 et la privatisation de GDF. Et les actionnaires, ils se sont augment\u00e9s de combien ?<\/p>\n","protected":false},"excerpt":{"rendered":"<p>Les r\u00e9ponses aux drames de ce d\u00e9but d&rsquo;ann\u00e9e ne peuvent pas \u00eatre que s\u00e9curitaires et encore moins belliqueuses. Les fondamentalismes religieux, les nationalismes et les r\u00e9gionalismes prosp\u00e8rent sur le terreau de la mis\u00e8re sociale. Pendant que \u00ab\u00a0nous sommes tous Charlie\u00a0\u00bb (pas pour les m\u00eames raisons !!!), le gouvernement continue de d\u00e9rouler ses lois de r\u00e9gressions [&hellip;]<\/p>\n","protected":false},"author":3,"featured_media":0,"comment_status":"closed","ping_status":"open","sticky":false,"template":"","format":"standard","meta":[],"categories":[1],"tags":[],"_links":{"self":[{"href":"http:\/\/www.ulcgt69villefranche.fr\/index.php?rest_route=\/wp\/v2\/posts\/1573"}],"collection":[{"href":"http:\/\/www.ulcgt69villefranche.fr\/index.php?rest_route=\/wp\/v2\/posts"}],"about":[{"href":"http:\/\/www.ulcgt69villefranche.fr\/index.php?rest_route=\/wp\/v2\/types\/post"}],"author":[{"embeddable":true,"href":"http:\/\/www.ulcgt69villefranche.fr\/index.php?rest_route=\/wp\/v2\/users\/3"}],"replies":[{"embeddable":true,"href":"http:\/\/www.ulcgt69villefranche.fr\/index.php?rest_route=%2Fwp%2Fv2%2Fcomments&post=1573"}],"version-history":[{"count":14,"href":"http:\/\/www.ulcgt69villefranche.fr\/index.php?rest_route=\/wp\/v2\/posts\/1573\/revisions"}],"predecessor-version":[{"id":1590,"href":"http:\/\/www.ulcgt69villefranche.fr\/index.php?rest_route=\/wp\/v2\/posts\/1573\/revisions\/1590"}],"wp:attachment":[{"href":"http:\/\/www.ulcgt69villefranche.fr\/index.php?rest_route=%2Fwp%2Fv2%2Fmedia&parent=1573"}],"wp:term":[{"taxonomy":"category","embeddable":true,"href":"http:\/\/www.ulcgt69villefranche.fr\/index.php?rest_route=%2Fwp%2Fv2%2Fcategories&post=1573"},{"taxonomy":"post_tag","embeddable":true,"href":"http:\/\/www.ulcgt69villefranche.fr\/index.php?rest_route=%2Fwp%2Fv2%2Ftags&post=1573"}],"curies":[{"name":"wp","href":"https:\/\/api.w.org\/{rel}","templated":true}]}}