{"id":1521,"date":"2014-09-29T10:15:55","date_gmt":"2014-09-29T08:15:55","guid":{"rendered":"http:\/\/www.ulcgt69villefranche.fr\/?p=1521"},"modified":"2014-09-29T10:21:13","modified_gmt":"2014-09-29T08:21:13","slug":"16-octobre-2014-emploi-salaires-protection-sociale","status":"publish","type":"post","link":"http:\/\/www.ulcgt69villefranche.fr\/?p=1521","title":{"rendered":"16 OCTOBRE 2014 : Emploi, salaires, protection sociale"},"content":{"rendered":"<h1 style=\"text-align: center;\"><a title=\"Tract UD\" href=\"http:\/\/www.ulcgt69villefranche.fr\/wp-content\/uploads\/2014\/09\/2014-10-16-Tract-UD69.pdf\" target=\"_blank\"><span style=\"text-decoration: underline;\"><strong><span style=\"color: #ff0000; text-decoration: underline;\">La s\u00e9curit\u00e9 sociale c&rsquo;est VITAL !!!<\/span><\/strong><\/span><\/a><\/h1>\n<h1 style=\"text-align: center;\"><a title=\"Tract UD\" href=\"http:\/\/www.ulcgt69villefranche.fr\/wp-content\/uploads\/2014\/09\/2014-10-16-Tract-UD69.pdf\" target=\"_blank\"><span style=\"text-decoration: underline;\"><strong><span style=\"color: #ff0000; text-decoration: underline;\">La SECU, C&rsquo;EST NOUS !!!<\/span><\/strong><\/span><\/a><\/h1>\n<p style=\"text-align: justify;\"><span style=\"color: #000000;\">Le projet de loi de financement de la s\u00e9curit\u00e9 sociale (PLFSS 2015) va \u00eatre d\u00e9battu cet automne au parlement. Ce d\u00e9bat nous concerne tous, nous devons peser par la mobilisation sur les choix qui seront faits.<\/span><\/p>\n<h2 style=\"text-align: center;\"><span style=\"text-decoration: underline; color: #3366ff;\"><strong>RASSEMBLEMENT \u00e0 VILLEFRANCHE<\/strong><\/span><\/h2>\n<h2 style=\"text-align: center;\"><span style=\"text-decoration: underline; color: #3366ff;\"><strong>\u00a0Le 16\/10\/2014 \u00e0 17h30<\/strong><\/span><\/h2>\n<h2 style=\"text-align: center;\"><span style=\"text-decoration: underline; color: #3366ff;\"><strong>Devant les Caisses de la s\u00e9curit\u00e9 sociale et de la CAF<\/strong><\/span><br \/>\n<span style=\"text-decoration: underline; color: #3366ff;\"><strong>\u00e0 l&rsquo;angle du bd Gambetta et de la rue Boiron<\/strong><\/span><\/h2>\n<p style=\"text-align: center;\"><span style=\"text-decoration: underline;\">Manifestation \u00e0 Lyon \u2013 10h30<\/span><br \/>\n<span style=\"text-decoration: underline;\"> du 60 av. Jean Mermoz (si\u00e8ge du Medef)<\/span><br \/>\n<span style=\"text-decoration: underline;\"> au 241 rue Garibaldi (si\u00e8ge de l\u2019Agence R\u00e9gionale de Sant\u00e9)<\/span><\/p>\n<p><a title=\"tract UD69\" href=\"http:\/\/www.ulcgt69villefranche.fr\/wp-content\/uploads\/2014\/09\/2014-10-16-Tract-UD69.pdf\" target=\"_blank\">Lire le tract de l&rsquo;UD69<\/a><\/p>\n","protected":false},"excerpt":{"rendered":"<p>La s\u00e9curit\u00e9 sociale c&rsquo;est VITAL !!! La SECU, C&rsquo;EST NOUS !!! Le projet de loi de financement de la s\u00e9curit\u00e9 sociale (PLFSS 2015) va \u00eatre d\u00e9battu cet automne au parlement. Ce d\u00e9bat nous concerne tous, nous devons peser par la mobilisation sur les choix qui seront faits. RASSEMBLEMENT \u00e0 VILLEFRANCHE \u00a0Le 16\/10\/2014 \u00e0 17h30 Devant [&hellip;]<\/p>\n","protected":false},"author":3,"featured_media":0,"comment_status":"closed","ping_status":"open","sticky":false,"template":"","format":"standard","meta":[],"categories":[22,20,21,6],"tags":[],"_links":{"self":[{"href":"http:\/\/www.ulcgt69villefranche.fr\/index.php?rest_route=\/wp\/v2\/posts\/1521"}],"collection":[{"href":"http:\/\/www.ulcgt69villefranche.fr\/index.php?rest_route=\/wp\/v2\/posts"}],"about":[{"href":"http:\/\/www.ulcgt69villefranche.fr\/index.php?rest_route=\/wp\/v2\/types\/post"}],"author":[{"embeddable":true,"href":"http:\/\/www.ulcgt69villefranche.fr\/index.php?rest_route=\/wp\/v2\/users\/3"}],"replies":[{"embeddable":true,"href":"http:\/\/www.ulcgt69villefranche.fr\/index.php?rest_route=%2Fwp%2Fv2%2Fcomments&post=1521"}],"version-history":[{"count":4,"href":"http:\/\/www.ulcgt69villefranche.fr\/index.php?rest_route=\/wp\/v2\/posts\/1521\/revisions"}],"predecessor-version":[{"id":1527,"href":"http:\/\/www.ulcgt69villefranche.fr\/index.php?rest_route=\/wp\/v2\/posts\/1521\/revisions\/1527"}],"wp:attachment":[{"href":"http:\/\/www.ulcgt69villefranche.fr\/index.php?rest_route=%2Fwp%2Fv2%2Fmedia&parent=1521"}],"wp:term":[{"taxonomy":"category","embeddable":true,"href":"http:\/\/www.ulcgt69villefranche.fr\/index.php?rest_route=%2Fwp%2Fv2%2Fcategories&post=1521"},{"taxonomy":"post_tag","embeddable":true,"href":"http:\/\/www.ulcgt69villefranche.fr\/index.php?rest_route=%2Fwp%2Fv2%2Ftags&post=1521"}],"curies":[{"name":"wp","href":"https:\/\/api.w.org\/{rel}","templated":true}]}}