{"id":1512,"date":"2014-09-29T10:03:24","date_gmt":"2014-09-29T08:03:24","guid":{"rendered":"http:\/\/www.ulcgt69villefranche.fr\/?p=1512"},"modified":"2014-09-29T10:20:59","modified_gmt":"2014-09-29T08:20:59","slug":"30-septembre-2014-rencontre-avec-thierry-lepaon","status":"publish","type":"post","link":"http:\/\/www.ulcgt69villefranche.fr\/?p=1512","title":{"rendered":"30 SEPTEMBRE 2014 : Rencontre avec Thierry LEPAON"},"content":{"rendered":"<h1 style=\"text-align: center;\"><span style=\"color: #ff0000;\"><strong><span style=\"text-decoration: underline;\">MEETING avec Thierry LEPAON<\/span><\/strong><\/span><\/h1>\n<h1 style=\"text-align: center;\"><span style=\"color: #ff0000;\"><strong><span style=\"text-decoration: underline;\">Secr\u00e9taire G\u00e9n\u00e9ral de la CGT<\/span><\/strong><\/span><\/h1>\n<h1 style=\"text-align: center;\"><span style=\"text-decoration: underline;\"><strong><span style=\"color: #3366ff; text-decoration: underline;\"> Le 30 septembre 2014 \u00e0 17H<\/span><\/strong><\/span><\/h1>\n<h1 style=\"text-align: center;\"><span style=\"color: #000000;\">BOURSE DU TRAVAIL &#8211; Lyon 3\u00e8me &#8211; M\u00e9tro B<\/span><\/h1>\n<p><a title=\"Tract meeting\" href=\"http:\/\/www.ulcgt69villefranche.fr\/wp-content\/uploads\/2014\/09\/2014-09-30-tract-meeting.pdf\" target=\"_blank\">Lire le tract du meeting<\/a><\/p>\n","protected":false},"excerpt":{"rendered":"<p>MEETING avec Thierry LEPAON Secr\u00e9taire G\u00e9n\u00e9ral de la CGT Le 30 septembre 2014 \u00e0 17H BOURSE DU TRAVAIL &#8211; Lyon 3\u00e8me &#8211; M\u00e9tro B Lire le tract du meeting<\/p>\n","protected":false},"author":3,"featured_media":0,"comment_status":"closed","ping_status":"open","sticky":false,"template":"","format":"standard","meta":[],"categories":[22,20,21,6],"tags":[],"_links":{"self":[{"href":"http:\/\/www.ulcgt69villefranche.fr\/index.php?rest_route=\/wp\/v2\/posts\/1512"}],"collection":[{"href":"http:\/\/www.ulcgt69villefranche.fr\/index.php?rest_route=\/wp\/v2\/posts"}],"about":[{"href":"http:\/\/www.ulcgt69villefranche.fr\/index.php?rest_route=\/wp\/v2\/types\/post"}],"author":[{"embeddable":true,"href":"http:\/\/www.ulcgt69villefranche.fr\/index.php?rest_route=\/wp\/v2\/users\/3"}],"replies":[{"embeddable":true,"href":"http:\/\/www.ulcgt69villefranche.fr\/index.php?rest_route=%2Fwp%2Fv2%2Fcomments&post=1512"}],"version-history":[{"count":7,"href":"http:\/\/www.ulcgt69villefranche.fr\/index.php?rest_route=\/wp\/v2\/posts\/1512\/revisions"}],"predecessor-version":[{"id":1526,"href":"http:\/\/www.ulcgt69villefranche.fr\/index.php?rest_route=\/wp\/v2\/posts\/1512\/revisions\/1526"}],"wp:attachment":[{"href":"http:\/\/www.ulcgt69villefranche.fr\/index.php?rest_route=%2Fwp%2Fv2%2Fmedia&parent=1512"}],"wp:term":[{"taxonomy":"category","embeddable":true,"href":"http:\/\/www.ulcgt69villefranche.fr\/index.php?rest_route=%2Fwp%2Fv2%2Fcategories&post=1512"},{"taxonomy":"post_tag","embeddable":true,"href":"http:\/\/www.ulcgt69villefranche.fr\/index.php?rest_route=%2Fwp%2Fv2%2Ftags&post=1512"}],"curies":[{"name":"wp","href":"https:\/\/api.w.org\/{rel}","templated":true}]}}