{"id":1477,"date":"2014-06-13T17:27:04","date_gmt":"2014-06-13T15:27:04","guid":{"rendered":"http:\/\/www.ulcgt69villefranche.fr\/?p=1477"},"modified":"2014-06-13T17:30:20","modified_gmt":"2014-06-13T15:30:20","slug":"26-juin-2014-greves-manifestations-rassemblements","status":"publish","type":"post","link":"http:\/\/www.ulcgt69villefranche.fr\/?p=1477","title":{"rendered":"26 JUIN 2014 : Gr\u00e8ves, manifestations, rassemblements&#8230;"},"content":{"rendered":"<p><a title=\"Tract UD69\" href=\"http:\/\/www.ulcgt69villefranche.fr\/wp-content\/uploads\/2014\/06\/UDCGT-26JUIN.pdf\" target=\"_blank\"><img loading=\"lazy\" class=\"aligncenter  wp-image-1476\" title=\"Impression\" src=\"http:\/\/www.ulcgt69villefranche.fr\/wp-content\/uploads\/2014\/06\/BandeauSemaineAction.jpg\" alt=\"\" width=\"497\" height=\"129\" srcset=\"http:\/\/www.ulcgt69villefranche.fr\/wp-content\/uploads\/2014\/06\/BandeauSemaineAction.jpg 382w, http:\/\/www.ulcgt69villefranche.fr\/wp-content\/uploads\/2014\/06\/BandeauSemaineAction-300x78.jpg 300w\" sizes=\"(max-width: 497px) 100vw, 497px\" \/><\/a><\/p>\n<h1 style=\"text-align: center;\"><span style=\"text-decoration: underline;\">\u00a0<\/span><a title=\"Tract UD69\" href=\"http:\/\/www.ulcgt69villefranche.fr\/wp-content\/uploads\/2014\/06\/UDCGT-26JUIN.pdf\" target=\"_blank\">RASSEMBLEMENT A VILLEFRANCHE S\/S<\/a><\/h1>\n<h1 style=\"text-align: center;\"><a title=\"Tract UD69\" href=\"http:\/\/www.ulcgt69villefranche.fr\/wp-content\/uploads\/2014\/06\/UDCGT-26JUIN.pdf\" target=\"_blank\">PLACE DES ARTS A 17 HEURES<\/a><\/h1>\n<p><span style=\"color: #000000;\"><a title=\"Tract de l'UD69\" href=\"http:\/\/www.ulcgt69villefranche.fr\/wp-content\/uploads\/2014\/06\/UDCGT-26JUIN.pdf\" target=\"_blank\"><span style=\"color: #000000;\">Lire le tract de l&rsquo;Union D\u00e9partementale CGT du Rh\u00f4ne<\/span><\/a><\/span><\/p>\n<p><span style=\"color: #000000;\"><a title=\"Tract conf\u00e9d\u00e9ral 26 Juin\" href=\"http:\/\/www.ulcgt69villefranche.fr\/wp-content\/uploads\/2014\/06\/Journ\u00e9e-mobilisation-26062014.pdf\" target=\"_blank\"><span style=\"color: #000000;\">Lire le Tract Conf\u00e9d\u00e9ral<\/span><\/a><\/span><\/p>\n<p><span style=\"color: #000000;\"><a title=\"Prenez vos affaires en main\" href=\"http:\/\/www.ulcgt69villefranche.fr\/wp-content\/uploads\/2014\/06\/4pagesPrintempsV5.pdf\" target=\"_blank\"><span style=\"color: #000000;\">Lire le 4 pages : Prenez vos affaires en main<\/span><\/a><\/span><\/p>\n","protected":false},"excerpt":{"rendered":"<p>\u00a0RASSEMBLEMENT A VILLEFRANCHE S\/S PLACE DES ARTS A 17 HEURES Lire le tract de l&rsquo;Union D\u00e9partementale CGT du Rh\u00f4ne Lire le Tract Conf\u00e9d\u00e9ral Lire le 4 pages : Prenez vos affaires en main<\/p>\n","protected":false},"author":3,"featured_media":0,"comment_status":"closed","ping_status":"open","sticky":false,"template":"","format":"standard","meta":[],"categories":[22,20,21,19,6],"tags":[46,40,31,30],"_links":{"self":[{"href":"http:\/\/www.ulcgt69villefranche.fr\/index.php?rest_route=\/wp\/v2\/posts\/1477"}],"collection":[{"href":"http:\/\/www.ulcgt69villefranche.fr\/index.php?rest_route=\/wp\/v2\/posts"}],"about":[{"href":"http:\/\/www.ulcgt69villefranche.fr\/index.php?rest_route=\/wp\/v2\/types\/post"}],"author":[{"embeddable":true,"href":"http:\/\/www.ulcgt69villefranche.fr\/index.php?rest_route=\/wp\/v2\/users\/3"}],"replies":[{"embeddable":true,"href":"http:\/\/www.ulcgt69villefranche.fr\/index.php?rest_route=%2Fwp%2Fv2%2Fcomments&post=1477"}],"version-history":[{"count":18,"href":"http:\/\/www.ulcgt69villefranche.fr\/index.php?rest_route=\/wp\/v2\/posts\/1477\/revisions"}],"predecessor-version":[{"id":1495,"href":"http:\/\/www.ulcgt69villefranche.fr\/index.php?rest_route=\/wp\/v2\/posts\/1477\/revisions\/1495"}],"wp:attachment":[{"href":"http:\/\/www.ulcgt69villefranche.fr\/index.php?rest_route=%2Fwp%2Fv2%2Fmedia&parent=1477"}],"wp:term":[{"taxonomy":"category","embeddable":true,"href":"http:\/\/www.ulcgt69villefranche.fr\/index.php?rest_route=%2Fwp%2Fv2%2Fcategories&post=1477"},{"taxonomy":"post_tag","embeddable":true,"href":"http:\/\/www.ulcgt69villefranche.fr\/index.php?rest_route=%2Fwp%2Fv2%2Ftags&post=1477"}],"curies":[{"name":"wp","href":"https:\/\/api.w.org\/{rel}","templated":true}]}}