{"id":1358,"date":"2013-12-12T13:55:11","date_gmt":"2013-12-12T12:55:11","guid":{"rendered":"http:\/\/www.ulcgt69villefranche.fr\/?p=1358"},"modified":"2013-12-15T20:54:04","modified_gmt":"2013-12-15T19:54:04","slug":"militants-pas-voyous-2","status":"publish","type":"post","link":"http:\/\/www.ulcgt69villefranche.fr\/?p=1358","title":{"rendered":"Militants pas voyous"},"content":{"rendered":"<h1 align=\"center\"><a href=\"http:\/\/www.ulcgt69villefranche.fr\/wp-content\/uploads\/2013\/12\/militants-pas-voyous.jpg\"><img loading=\"lazy\" class=\"aligncenter size-medium wp-image-1357\" title=\"militants pas voyous\" src=\"http:\/\/www.ulcgt69villefranche.fr\/wp-content\/uploads\/2013\/12\/militants-pas-voyous-300x138.jpg\" alt=\"\" width=\"300\" height=\"138\" srcset=\"http:\/\/www.ulcgt69villefranche.fr\/wp-content\/uploads\/2013\/12\/militants-pas-voyous-300x138.jpg 300w, http:\/\/www.ulcgt69villefranche.fr\/wp-content\/uploads\/2013\/12\/militants-pas-voyous.jpg 894w\" sizes=\"(max-width: 300px) 100vw, 300px\" \/><\/a><\/h1>\n<h1 align=\"center\"><span style=\"color: #ff0000;\"><strong><span style=\"text-decoration: underline;\">Malgr\u00e9 la RELAXE, l\u2019acharnement continue\u00a0!!!<\/span><\/strong><\/span><\/h1>\n<p style=\"text-align: justify;\"><strong>Apr\u00e8s les poursuites \u00e0 l\u2019encontre des 5 militants de Roanne, c\u2019est encore au tour de deux responsables de la CGT du Rh\u00f4ne d\u2019\u00eatre convoqu\u00e9s, devant la chambre correctionnelle de la cour d\u2019appel de Lyon, le <span style=\"text-decoration: underline; color: #ff0000;\">MERCREDI 8 JANVIER 2014<\/span><\/strong><\/p>\n<p style=\"text-align: justify;\">Apr\u00e8s avoir \u00e9t\u00e9 <strong><span style=\"text-decoration: underline;\">RELAX\u00c9S<\/span><\/strong> par le tribunal correctionnel de Villefranche sur Sa\u00f4ne, le 20\/11\/2012, le procureur de la R\u00e9publique revanchard a d\u00e9cid\u00e9 de faire appel de la d\u00e9cision de <strong><span style=\"text-decoration: underline;\">RELAXE<\/span><\/strong> prononc\u00e9e en faveur de<strong> Pierre COQUAN<\/strong> (Secr\u00e9taire g\u00e9n\u00e9ral de l\u2019UD CGT du Rh\u00f4ne) et de <strong>Michel CATELIN<\/strong> (membre du bureau de l\u2019UL CGT de Villefranche sur Sa\u00f4ne).<\/p>\n<h1 style=\"text-align: center;\"><span style=\"text-decoration: underline;\"><strong><span style=\"color: #ff0000; text-decoration: underline;\">MERCREDI 8 JANVIER 2014 \u00e0 11H30<\/span><\/strong><\/span><\/h1>\n<h1 style=\"text-align: center;\"><span style=\"text-decoration: underline;\"><strong><span style=\"color: #ff0000; text-decoration: underline;\">MANIFESTATION de la Place Bellecour \u00e0 la Cour d&rsquo;appel de Lyon<\/span><\/strong><\/span><\/h1>\n<p style=\"text-align: left;\"><span style=\"color: #000000;\">Un d\u00e9part en car est pr\u00e9vu du March\u00e9 couvert de Villefranche \u00e0 10H30, s&rsquo;inscrire aupr\u00e8s de l&rsquo;union locale :<\/span><\/p>\n<p style=\"text-align: left;\"><span style=\"color: #000000;\"><a title=\"s'inscrire\" href=\"mailto:ul.cgtvillefranche69@free.fr\">ul.cgtvillefranche69@free.fr<\/a> ou au 04 74 65 25 31<\/span><\/p>\n<p style=\"text-align: left;\"><a title=\"P\u00e9tition en ligne\" href=\"http:\/\/www.petitions24.net\/militants_pas_voyous\" target=\"_blank\">Signer massivement la p\u00e9tition en ligne<\/a><\/p>\n<p style=\"text-align: left;\"><a title=\"P\u00e9tition papier\" href=\"http:\/\/www.ulcgt69villefranche.fr\/wp-content\/uploads\/2013\/12\/P\u00e9tition-Libert\u00e9s-Syndicales.pdf\" target=\"_blank\">Faites signer la version papier<\/a><\/p>\n<p style=\"text-align: left;\"><a title=\"Tract UD\" href=\"http:\/\/www.ulcgt69villefranche.fr\/wp-content\/uploads\/2013\/12\/Tract-UD-2014-01-08.jpg\" target=\"_blank\">Diffuser le tract de l&rsquo;UD<\/a><\/p>\n<p style=\"text-align: left;\"><a href=\"http:\/\/www.ulcgt69villefranche.fr\/wp-content\/uploads\/2013\/12\/avenir-lutte.jpg\"><img loading=\"lazy\" class=\"aligncenter size-medium wp-image-1356\" title=\"avenir lutte\" src=\"http:\/\/www.ulcgt69villefranche.fr\/wp-content\/uploads\/2013\/12\/avenir-lutte-300x66.jpg\" alt=\"\" width=\"300\" height=\"66\" srcset=\"http:\/\/www.ulcgt69villefranche.fr\/wp-content\/uploads\/2013\/12\/avenir-lutte-300x66.jpg 300w, http:\/\/www.ulcgt69villefranche.fr\/wp-content\/uploads\/2013\/12\/avenir-lutte.jpg 897w\" sizes=\"(max-width: 300px) 100vw, 300px\" \/><\/a><\/p>\n","protected":false},"excerpt":{"rendered":"<p>Malgr\u00e9 la RELAXE, l\u2019acharnement continue\u00a0!!! Apr\u00e8s les poursuites \u00e0 l\u2019encontre des 5 militants de Roanne, c\u2019est encore au tour de deux responsables de la CGT du Rh\u00f4ne d\u2019\u00eatre convoqu\u00e9s, devant la chambre correctionnelle de la cour d\u2019appel de Lyon, le MERCREDI 8 JANVIER 2014 Apr\u00e8s avoir \u00e9t\u00e9 RELAX\u00c9S par le tribunal correctionnel de Villefranche sur [&hellip;]<\/p>\n","protected":false},"author":3,"featured_media":0,"comment_status":"closed","ping_status":"open","sticky":false,"template":"","format":"standard","meta":[],"categories":[1],"tags":[],"_links":{"self":[{"href":"http:\/\/www.ulcgt69villefranche.fr\/index.php?rest_route=\/wp\/v2\/posts\/1358"}],"collection":[{"href":"http:\/\/www.ulcgt69villefranche.fr\/index.php?rest_route=\/wp\/v2\/posts"}],"about":[{"href":"http:\/\/www.ulcgt69villefranche.fr\/index.php?rest_route=\/wp\/v2\/types\/post"}],"author":[{"embeddable":true,"href":"http:\/\/www.ulcgt69villefranche.fr\/index.php?rest_route=\/wp\/v2\/users\/3"}],"replies":[{"embeddable":true,"href":"http:\/\/www.ulcgt69villefranche.fr\/index.php?rest_route=%2Fwp%2Fv2%2Fcomments&post=1358"}],"version-history":[{"count":12,"href":"http:\/\/www.ulcgt69villefranche.fr\/index.php?rest_route=\/wp\/v2\/posts\/1358\/revisions"}],"predecessor-version":[{"id":1364,"href":"http:\/\/www.ulcgt69villefranche.fr\/index.php?rest_route=\/wp\/v2\/posts\/1358\/revisions\/1364"}],"wp:attachment":[{"href":"http:\/\/www.ulcgt69villefranche.fr\/index.php?rest_route=%2Fwp%2Fv2%2Fmedia&parent=1358"}],"wp:term":[{"taxonomy":"category","embeddable":true,"href":"http:\/\/www.ulcgt69villefranche.fr\/index.php?rest_route=%2Fwp%2Fv2%2Fcategories&post=1358"},{"taxonomy":"post_tag","embeddable":true,"href":"http:\/\/www.ulcgt69villefranche.fr\/index.php?rest_route=%2Fwp%2Fv2%2Ftags&post=1358"}],"curies":[{"name":"wp","href":"https:\/\/api.w.org\/{rel}","templated":true}]}}