{"id":1328,"date":"2013-09-14T15:06:27","date_gmt":"2013-09-14T13:06:27","guid":{"rendered":"http:\/\/www.ulcgt69villefranche.fr\/?p=1328"},"modified":"2013-10-23T17:03:05","modified_gmt":"2013-10-23T15:03:05","slug":"manifestation-libertes-syndicales","status":"publish","type":"post","link":"http:\/\/www.ulcgt69villefranche.fr\/?p=1328","title":{"rendered":"MANIFESTATION : LIBERTES SYNDICALES"},"content":{"rendered":"<h1 style=\"text-align: center;\">Le 5 novembre 2013, \u00e0 10H\u00a0\u00e0 Roanne<\/h1>\n<dl>\n<dt><a href=\"http:\/\/www.ulcgt69villefranche.fr\/wp-content\/uploads\/2013\/10\/roanne_51113.jpg\"><img loading=\"lazy\" class=\"aligncenter size-full wp-image-1340\" title=\"Tous \u00e0 roanne\" src=\"http:\/\/www.ulcgt69villefranche.fr\/wp-content\/uploads\/2013\/10\/roanne_51113.jpg\" alt=\"\" width=\"212\" height=\"300\" \/><\/a><\/dt>\n<\/dl>\n<p style=\"text-align: justify;\">La CGT appelle l\u2019ensemble des salari\u00e9s, des citoyens, \u00e0 venir massivement manifester pour une v\u00e9ritable d\u00e9mocratie sociale, respectueuse des libert\u00e9s syndicales <span style=\"text-decoration: underline;\"><span style=\"color: #ff0000; text-decoration: underline;\">le 5 novembre 2013, \u00e0 10h \u00e0 Roanne<\/span><\/span>, \u00e0 l\u2019occasion du proc\u00e8s des \u00ab\u00a05 de Roanne\u00a0\u00bb qui ont refus\u00e9 de se soumettre au pr\u00e9l\u00e8vement de leur ADN.<br \/>\n<a title=\"P\u00e9tition\" href=\"http:\/\/www.ulcgt69villefranche.fr\/wp-content\/uploads\/2013\/09\/petition_liberes_syndicales.pdf\" target=\"_blank\"><strong>Elle invite tous les salari\u00e9s et citoyens \u00e0 signer la p\u00e9tition nationale \u00ab\u00a0Pour les libert\u00e9s d\u2019actions et d\u2019expressions syndicales\u00a0\u00bb.<\/strong><\/a><\/p>\n<p style=\"text-align: justify;\">L&rsquo;Union Locale de Villefranche Beaujolais Val de Sa\u00f4ne organise un d\u00e9placement en car, s&rsquo;inscrire\u00a0au 04\/74\/65\/25\/31 ou par mail : <a href=\"mailto:ul.cgtvillefranche69@free.fr\">ul.cgtvillefranche69@free.fr<\/a><\/p>\n","protected":false},"excerpt":{"rendered":"<p>Le 5 novembre 2013, \u00e0 10H\u00a0\u00e0 Roanne La CGT appelle l\u2019ensemble des salari\u00e9s, des citoyens, \u00e0 venir massivement manifester pour une v\u00e9ritable d\u00e9mocratie sociale, respectueuse des libert\u00e9s syndicales le 5 novembre 2013, \u00e0 10h \u00e0 Roanne, \u00e0 l\u2019occasion du proc\u00e8s des \u00ab\u00a05 de Roanne\u00a0\u00bb qui ont refus\u00e9 de se soumettre au pr\u00e9l\u00e8vement de leur ADN. [&hellip;]<\/p>\n","protected":false},"author":3,"featured_media":0,"comment_status":"closed","ping_status":"open","sticky":false,"template":"","format":"standard","meta":[],"categories":[22,19,6],"tags":[],"_links":{"self":[{"href":"http:\/\/www.ulcgt69villefranche.fr\/index.php?rest_route=\/wp\/v2\/posts\/1328"}],"collection":[{"href":"http:\/\/www.ulcgt69villefranche.fr\/index.php?rest_route=\/wp\/v2\/posts"}],"about":[{"href":"http:\/\/www.ulcgt69villefranche.fr\/index.php?rest_route=\/wp\/v2\/types\/post"}],"author":[{"embeddable":true,"href":"http:\/\/www.ulcgt69villefranche.fr\/index.php?rest_route=\/wp\/v2\/users\/3"}],"replies":[{"embeddable":true,"href":"http:\/\/www.ulcgt69villefranche.fr\/index.php?rest_route=%2Fwp%2Fv2%2Fcomments&post=1328"}],"version-history":[{"count":11,"href":"http:\/\/www.ulcgt69villefranche.fr\/index.php?rest_route=\/wp\/v2\/posts\/1328\/revisions"}],"predecessor-version":[{"id":1341,"href":"http:\/\/www.ulcgt69villefranche.fr\/index.php?rest_route=\/wp\/v2\/posts\/1328\/revisions\/1341"}],"wp:attachment":[{"href":"http:\/\/www.ulcgt69villefranche.fr\/index.php?rest_route=%2Fwp%2Fv2%2Fmedia&parent=1328"}],"wp:term":[{"taxonomy":"category","embeddable":true,"href":"http:\/\/www.ulcgt69villefranche.fr\/index.php?rest_route=%2Fwp%2Fv2%2Fcategories&post=1328"},{"taxonomy":"post_tag","embeddable":true,"href":"http:\/\/www.ulcgt69villefranche.fr\/index.php?rest_route=%2Fwp%2Fv2%2Ftags&post=1328"}],"curies":[{"name":"wp","href":"https:\/\/api.w.org\/{rel}","templated":true}]}}