{"id":1298,"date":"2013-07-23T14:20:07","date_gmt":"2013-07-23T12:20:07","guid":{"rendered":"http:\/\/www.ulcgt69villefranche.fr\/?p=1298"},"modified":"2013-07-31T11:38:27","modified_gmt":"2013-07-31T09:38:27","slug":"quelques-dates-a-retenir","status":"publish","type":"post","link":"http:\/\/www.ulcgt69villefranche.fr\/?p=1298","title":{"rendered":"QUELQUES DATES A RETENIR"},"content":{"rendered":"<p style=\"text-align: justify;\">La rentr\u00e9e sociale se pr\u00e9pare et quelques rendez-vous importants sont d&rsquo;ores et d\u00e9j\u00e0 \u00e0 inscrire dans nos agendas :<\/p>\n<ol>\n<li style=\"text-align: justify;\"><span style=\"color: #ff0000; text-decoration: underline;\"><strong>Les 28 et 29 Ao\u00fbt 2013<\/strong><\/span> : Collage et distribution de tracts, s&rsquo;inscrire aupr\u00e8s de l&rsquo;Union Locale.<\/li>\n<li style=\"text-align: justify;\"><span style=\"color: #ff0000; text-decoration: underline;\"><strong>Mardi 3 Septembre 2013 \u00e0 16H<\/strong><\/span> : Assembl\u00e9e G\u00e9n\u00e9rale de Rentr\u00e9e de l&rsquo;UL de <strong><span style=\"text-decoration: underline;\"><span style=\"color: #3366ff; text-decoration: underline;\">VILLEFRANCHE<\/span><\/span><\/strong> \u00e0 la Bourse du Travail.<\/li>\n<li style=\"text-align: justify;\"><span style=\"color: #ff0000; text-decoration: underline;\"><strong>Lundi 9 Septembre 2013 \u00e0 17H<\/strong><\/span> :\u00a0Grand Meeting Interr\u00e9gional \u00e0 <strong><span style=\"text-decoration: underline;\"><span style=\"color: #3366ff; text-decoration: underline;\">LYON<\/span><\/span><\/strong> Bourse du Travail Place Guichard en pr\u00e9sence de <a title=\"Adresse de Thierry Lepaon\" href=\"http:\/\/www.ulcgt69villefranche.fr\/wp-content\/uploads\/2013\/07\/Adresse-4072013.pdf\" target=\"_blank\"><span style=\"color: #3366ff;\"><strong><span style=\"text-decoration: underline;\"><span style=\"text-decoration: underline;\">Thierry LEPAON<\/span><\/span><\/strong><\/span><\/a>.<\/li>\n<li style=\"text-align: justify;\"><a title=\"UD tract du 10 Septembre\" href=\"http:\/\/www.ulcgt69villefranche.fr\/wp-content\/uploads\/2013\/07\/UD-tract-10-septembre.pdf\" target=\"_blank\"><span style=\"color: #ff0000; text-decoration: underline;\"><strong>Mardi 10 Septembre 2013 \u00e0 10H30<\/strong><\/span><\/a> : <a title=\"Tract 10 Septembre\" href=\"http:\/\/www.ulcgt69villefranche.fr\/wp-content\/uploads\/2013\/07\/tr-10092013.pdf\" target=\"_blank\">Journ\u00e9e Nationale Interprofessionnelle de gr\u00e8ves et de manifestations <\/a>\u00e0 <strong><span style=\"text-decoration: underline;\"><span style=\"color: #3366ff; text-decoration: underline;\">LYON<\/span><\/span> <\/strong>d\u00e9part de la Manufacture des Tabacs pour arriver jusqu&rsquo;\u00e0 Bellecour.<\/li>\n<li style=\"text-align: justify;\"><a title=\"UD Tract du 10 Septembre\" href=\"http:\/\/www.ulcgt69villefranche.fr\/wp-content\/uploads\/2013\/07\/UD-tract-10-septembre.pdf\" target=\"_blank\"><span style=\"color: #ff0000; text-decoration: underline;\"><strong>Mardi 10 Septembre 2013 \u00e0 17H<\/strong><\/span><\/a> :\u00a0Rassemblement Place des Arts (sous-pr\u00e9fecture) \u00e0 <a title=\"Affiche 10 Septembre\" href=\"http:\/\/www.ulcgt69villefranche.fr\/wp-content\/uploads\/2013\/07\/Affi40x60_MOBILISATION_HD.pdf\" target=\"_blank\"><strong><span style=\"text-decoration: underline;\"><span style=\"color: #3366ff; text-decoration: underline;\">VILLEFRANCHE<\/span><\/span><\/strong><\/a> dans le cadre de la <a title=\"Affiche 10 Septembre\" href=\"http:\/\/www.ulcgt69villefranche.fr\/wp-content\/uploads\/2013\/07\/Affi40x60_MOBILISATION_HD.pdf\" target=\"_blank\">Journ\u00e9e Nationale Interprofessionnelle de gr\u00e8ves\u00a0et de manifestations<\/a>.<\/li>\n<li style=\"text-align: justify;\"><a title=\"P\u00e9tition libert\u00e9s syndicales\" href=\"http:\/\/www.ulcgt69villefranche.fr\/wp-content\/uploads\/2013\/07\/P\u00e9tition-nationale-libert\u00e9s-syndicales.pdf\" target=\"_blank\"><span style=\"color: #ff0000; text-decoration: underline;\"><strong>Mardi 5 Novembre 2013 \u00e0 10H<\/strong><\/span><\/a> :\u00a0Journ\u00e9e Nationale d&rsquo;Action pour la d\u00e9fense et la promotion des\u00a0libert\u00e9s syndicales \u00e0 <a title=\"P\u00e9tition libert\u00e9s syndicales\" href=\"http:\/\/www.ulcgt69villefranche.fr\/wp-content\/uploads\/2013\/07\/P\u00e9tition-nationale-libert\u00e9s-syndicales.pdf\" target=\"_blank\"><span style=\"text-decoration: underline;\"><strong><span style=\"color: #3366ff; text-decoration: underline;\">ROANNE<\/span><\/strong><\/span><\/a>.<\/li>\n<\/ol>\n","protected":false},"excerpt":{"rendered":"<p>La rentr\u00e9e sociale se pr\u00e9pare et quelques rendez-vous importants sont d&rsquo;ores et d\u00e9j\u00e0 \u00e0 inscrire dans nos agendas : Les 28 et 29 Ao\u00fbt 2013 : Collage et distribution de tracts, s&rsquo;inscrire aupr\u00e8s de l&rsquo;Union Locale. Mardi 3 Septembre 2013 \u00e0 16H : Assembl\u00e9e G\u00e9n\u00e9rale de Rentr\u00e9e de l&rsquo;UL de VILLEFRANCHE \u00e0 la Bourse du [&hellip;]<\/p>\n","protected":false},"author":3,"featured_media":0,"comment_status":"closed","ping_status":"closed","sticky":false,"template":"","format":"standard","meta":[],"categories":[22,20,21,6],"tags":[],"_links":{"self":[{"href":"http:\/\/www.ulcgt69villefranche.fr\/index.php?rest_route=\/wp\/v2\/posts\/1298"}],"collection":[{"href":"http:\/\/www.ulcgt69villefranche.fr\/index.php?rest_route=\/wp\/v2\/posts"}],"about":[{"href":"http:\/\/www.ulcgt69villefranche.fr\/index.php?rest_route=\/wp\/v2\/types\/post"}],"author":[{"embeddable":true,"href":"http:\/\/www.ulcgt69villefranche.fr\/index.php?rest_route=\/wp\/v2\/users\/3"}],"replies":[{"embeddable":true,"href":"http:\/\/www.ulcgt69villefranche.fr\/index.php?rest_route=%2Fwp%2Fv2%2Fcomments&post=1298"}],"version-history":[{"count":22,"href":"http:\/\/www.ulcgt69villefranche.fr\/index.php?rest_route=\/wp\/v2\/posts\/1298\/revisions"}],"predecessor-version":[{"id":1326,"href":"http:\/\/www.ulcgt69villefranche.fr\/index.php?rest_route=\/wp\/v2\/posts\/1298\/revisions\/1326"}],"wp:attachment":[{"href":"http:\/\/www.ulcgt69villefranche.fr\/index.php?rest_route=%2Fwp%2Fv2%2Fmedia&parent=1298"}],"wp:term":[{"taxonomy":"category","embeddable":true,"href":"http:\/\/www.ulcgt69villefranche.fr\/index.php?rest_route=%2Fwp%2Fv2%2Fcategories&post=1298"},{"taxonomy":"post_tag","embeddable":true,"href":"http:\/\/www.ulcgt69villefranche.fr\/index.php?rest_route=%2Fwp%2Fv2%2Ftags&post=1298"}],"curies":[{"name":"wp","href":"https:\/\/api.w.org\/{rel}","templated":true}]}}