{"id":1281,"date":"2013-07-03T09:55:16","date_gmt":"2013-07-03T07:55:16","guid":{"rendered":"http:\/\/www.ulcgt69villefranche.fr\/?p=1281"},"modified":"2013-07-03T19:10:27","modified_gmt":"2013-07-03T17:10:27","slug":"tour-de-france-2013","status":"publish","type":"post","link":"http:\/\/www.ulcgt69villefranche.fr\/?p=1281","title":{"rendered":"TOUR DE FRANCE 2013"},"content":{"rendered":"<p style=\"text-align: justify;\"><a title=\"Le Tour de France Social 2013\" href=\"http:\/\/www.ulcgt69villefranche.fr\/wp-content\/uploads\/2013\/07\/LE-TOUR-DE-FRANCE-SOCIAL-2013.pdf\" target=\"_blank\">Lire la lettre de Thierry LEPAON<\/a><br \/>\n<strong><\/strong><\/p>\n<p style=\"text-align: justify;\"><strong><span style=\"text-decoration: underline;\">Le 13\/07<\/span><\/strong>, <strong><span style=\"text-decoration: underline;\">le Tour de France fait \u00e9tape \u00e0 Lyon.<\/span><\/strong> Il traversera le d\u00e9partement et les territoires des unions locales de Thizy, Villefranche et les\u00a0quatre UL de Lyon. Ce sera une belle occasion pour l&rsquo;UL d\u2019organiser un point fixe <span style=\"text-decoration: underline;\"><strong>aux Ponts-Tarrets (\u00e0 partir de 10H)<\/strong><\/span> afin d\u2019\u00eatre visible et de d\u00e9battre avec le public pr\u00e9sent en attendant la course. VENEZ NOMBREUX !!!<\/p>\n<p style=\"text-align: justify;\"><strong>Un mat\u00e9riel sp\u00e9cifique sera \u00e0 la disposition des participants\u00a0: <\/strong>Des T-Shirt CGT, des casquettes, des tracts, affiches, drapeaux\u2026<\/p>\n<p style=\"text-align: justify;\"><strong><span style=\"text-decoration: underline;\">Le 14\/07<\/span><\/strong>, le Tour prendra son d\u00e9part de Givors o\u00f9 l\u2019UD a d\u00e9cid\u00e9 d\u2019organiser un d\u00e9part fictif d\u2019un peloton CGT en pr\u00e9sence de <span style=\"text-decoration: underline;\"><strong>Thierry LEPAON<\/strong><\/span> quelques heures avant le d\u00e9part r\u00e9el des coureurs. Camarades, tous \u00e0 vos v\u00e9los\u00a0!!!<\/p>\n<p><strong>Il est indispensable de s\u2019inscrire\u00a0en \u00e9crivant \u00e0 <a href=\"mailto:ud69@cgt.fr\">ud69@cgt.fr<\/a><\/strong><\/p>\n<p style=\"text-align: right;\"><a href=\"http:\/\/www.ulcgt69villefranche.fr\/wp-content\/uploads\/2013\/07\/tour.jpg\"><img loading=\"lazy\" class=\"wp-image-1271 aligncenter\" title=\"tour\" src=\"http:\/\/www.ulcgt69villefranche.fr\/wp-content\/uploads\/2013\/07\/tour-300x155.jpg\" alt=\"\" width=\"372\" height=\"202\" \/><\/a><\/p>\n<p>&nbsp;<\/p>\n","protected":false},"excerpt":{"rendered":"<p>Lire la lettre de Thierry LEPAON Le 13\/07, le Tour de France fait \u00e9tape \u00e0 Lyon. Il traversera le d\u00e9partement et les territoires des unions locales de Thizy, Villefranche et les\u00a0quatre UL de Lyon. Ce sera une belle occasion pour l&rsquo;UL d\u2019organiser un point fixe aux Ponts-Tarrets (\u00e0 partir de 10H) afin d\u2019\u00eatre visible et [&hellip;]<\/p>\n","protected":false},"author":3,"featured_media":0,"comment_status":"closed","ping_status":"open","sticky":false,"template":"","format":"standard","meta":[],"categories":[22,20,21],"tags":[],"_links":{"self":[{"href":"http:\/\/www.ulcgt69villefranche.fr\/index.php?rest_route=\/wp\/v2\/posts\/1281"}],"collection":[{"href":"http:\/\/www.ulcgt69villefranche.fr\/index.php?rest_route=\/wp\/v2\/posts"}],"about":[{"href":"http:\/\/www.ulcgt69villefranche.fr\/index.php?rest_route=\/wp\/v2\/types\/post"}],"author":[{"embeddable":true,"href":"http:\/\/www.ulcgt69villefranche.fr\/index.php?rest_route=\/wp\/v2\/users\/3"}],"replies":[{"embeddable":true,"href":"http:\/\/www.ulcgt69villefranche.fr\/index.php?rest_route=%2Fwp%2Fv2%2Fcomments&post=1281"}],"version-history":[{"count":12,"href":"http:\/\/www.ulcgt69villefranche.fr\/index.php?rest_route=\/wp\/v2\/posts\/1281\/revisions"}],"predecessor-version":[{"id":1293,"href":"http:\/\/www.ulcgt69villefranche.fr\/index.php?rest_route=\/wp\/v2\/posts\/1281\/revisions\/1293"}],"wp:attachment":[{"href":"http:\/\/www.ulcgt69villefranche.fr\/index.php?rest_route=%2Fwp%2Fv2%2Fmedia&parent=1281"}],"wp:term":[{"taxonomy":"category","embeddable":true,"href":"http:\/\/www.ulcgt69villefranche.fr\/index.php?rest_route=%2Fwp%2Fv2%2Fcategories&post=1281"},{"taxonomy":"post_tag","embeddable":true,"href":"http:\/\/www.ulcgt69villefranche.fr\/index.php?rest_route=%2Fwp%2Fv2%2Ftags&post=1281"}],"curies":[{"name":"wp","href":"https:\/\/api.w.org\/{rel}","templated":true}]}}