{"id":1272,"date":"2013-07-03T09:20:42","date_gmt":"2013-07-03T07:20:42","guid":{"rendered":"http:\/\/www.ulcgt69villefranche.fr\/?p=1272"},"modified":"2013-07-03T09:29:02","modified_gmt":"2013-07-03T07:29:02","slug":"actualite-sociale","status":"publish","type":"post","link":"http:\/\/www.ulcgt69villefranche.fr\/?p=1272","title":{"rendered":"ACTUALITE SOCIALE"},"content":{"rendered":"<p>La Commission Ex\u00e9cutive de l&rsquo;Union Locale CGT de Villefranche Beaujolais Val de Sa\u00f4ne s&rsquo;est r\u00e9unie Lundi 1er Juillet de 16H \u00e0 18H \u00e0 la Bourse du Travail.<\/p>\n<p>De nombreux d\u00e9bats \u00e9taient \u00e0 l&rsquo;ordre du jour comme la conf\u00e9rence du 11\/06 sur les effets des politiques d&rsquo;aust\u00e9rit\u00e9, une analyse de la conf\u00e9rence sociale des 20 et 21\/06 dernier, un point sur les formations syndicales du 2\u00e8me semestre 2013 et la pr\u00e9paration de notre pr\u00e9sence\u00a0pour le passage du Tour de France.<\/p>\n<p><a title=\"Actualit\u00e9 Sociale\" href=\"http:\/\/www.ulcgt69villefranche.fr\/wp-content\/uploads\/2013\/07\/2013-07-01-Allocution-CE-UL.pdf\" target=\"_blank\">Lire l&rsquo;allocution sur l&rsquo;actualit\u00e9 sociale<\/a><\/p>\n","protected":false},"excerpt":{"rendered":"<p>La Commission Ex\u00e9cutive de l&rsquo;Union Locale CGT de Villefranche Beaujolais Val de Sa\u00f4ne s&rsquo;est r\u00e9unie Lundi 1er Juillet de 16H \u00e0 18H \u00e0 la Bourse du Travail. De nombreux d\u00e9bats \u00e9taient \u00e0 l&rsquo;ordre du jour comme la conf\u00e9rence du 11\/06 sur les effets des politiques d&rsquo;aust\u00e9rit\u00e9, une analyse de la conf\u00e9rence sociale des 20 et [&hellip;]<\/p>\n","protected":false},"author":3,"featured_media":0,"comment_status":"closed","ping_status":"closed","sticky":false,"template":"","format":"standard","meta":[],"categories":[22,21],"tags":[],"_links":{"self":[{"href":"http:\/\/www.ulcgt69villefranche.fr\/index.php?rest_route=\/wp\/v2\/posts\/1272"}],"collection":[{"href":"http:\/\/www.ulcgt69villefranche.fr\/index.php?rest_route=\/wp\/v2\/posts"}],"about":[{"href":"http:\/\/www.ulcgt69villefranche.fr\/index.php?rest_route=\/wp\/v2\/types\/post"}],"author":[{"embeddable":true,"href":"http:\/\/www.ulcgt69villefranche.fr\/index.php?rest_route=\/wp\/v2\/users\/3"}],"replies":[{"embeddable":true,"href":"http:\/\/www.ulcgt69villefranche.fr\/index.php?rest_route=%2Fwp%2Fv2%2Fcomments&post=1272"}],"version-history":[{"count":6,"href":"http:\/\/www.ulcgt69villefranche.fr\/index.php?rest_route=\/wp\/v2\/posts\/1272\/revisions"}],"predecessor-version":[{"id":1280,"href":"http:\/\/www.ulcgt69villefranche.fr\/index.php?rest_route=\/wp\/v2\/posts\/1272\/revisions\/1280"}],"wp:attachment":[{"href":"http:\/\/www.ulcgt69villefranche.fr\/index.php?rest_route=%2Fwp%2Fv2%2Fmedia&parent=1272"}],"wp:term":[{"taxonomy":"category","embeddable":true,"href":"http:\/\/www.ulcgt69villefranche.fr\/index.php?rest_route=%2Fwp%2Fv2%2Fcategories&post=1272"},{"taxonomy":"post_tag","embeddable":true,"href":"http:\/\/www.ulcgt69villefranche.fr\/index.php?rest_route=%2Fwp%2Fv2%2Ftags&post=1272"}],"curies":[{"name":"wp","href":"https:\/\/api.w.org\/{rel}","templated":true}]}}