{"id":1261,"date":"2013-06-16T11:16:20","date_gmt":"2013-06-16T09:16:20","guid":{"rendered":"http:\/\/www.ulcgt69villefranche.fr\/?p=1261"},"modified":"2013-06-16T11:20:03","modified_gmt":"2013-06-16T09:20:03","slug":"villefranche-en-quelques-chiffres","status":"publish","type":"post","link":"http:\/\/www.ulcgt69villefranche.fr\/?p=1261","title":{"rendered":"QUELQUES CHIFFRES EDIFIANTS"},"content":{"rendered":"<p style=\"text-align: justify;\">Les chiffres sur le territoire de Villefranche Beaujolais Val de Sa\u00f4ne parlent d&rsquo;eux-m\u00eames : <a title=\"Les r\u00e9alit\u00e9s du territoire\" href=\"http:\/\/www.ulcgt69villefranche.fr\/wp-content\/uploads\/2013\/06\/QUELQUES-REALITES-DU-TERRITOIRE-BEAUJOLAIS.pdf\" target=\"_blank\">Lire ces quelques r\u00e9alit\u00e9s<\/a><\/p>\n<p style=\"text-align: justify;\">Il y aurait des probl\u00e8mes pour financer la protection sociale, jugez par vous m\u00eame en prenant connaissance des profits r\u00e9alis\u00e9s par les grandes entreprises : <a title=\"Trou de la s\u00e9cu ?\" href=\"http:\/\/www.ulcgt69villefranche.fr\/wp-content\/uploads\/2013\/06\/IL-Y-AURAIT-LE-TROU-DE-LA-SECU.pdf\" target=\"_blank\">Trou de la s\u00e9cu ?<\/a><\/p>\n","protected":false},"excerpt":{"rendered":"<p>Les chiffres sur le territoire de Villefranche Beaujolais Val de Sa\u00f4ne parlent d&rsquo;eux-m\u00eames : Lire ces quelques r\u00e9alit\u00e9s Il y aurait des probl\u00e8mes pour financer la protection sociale, jugez par vous m\u00eame en prenant connaissance des profits r\u00e9alis\u00e9s par les grandes entreprises : Trou de la s\u00e9cu ?<\/p>\n","protected":false},"author":3,"featured_media":0,"comment_status":"closed","ping_status":"closed","sticky":false,"template":"","format":"standard","meta":[],"categories":[22,21,19],"tags":[],"_links":{"self":[{"href":"http:\/\/www.ulcgt69villefranche.fr\/index.php?rest_route=\/wp\/v2\/posts\/1261"}],"collection":[{"href":"http:\/\/www.ulcgt69villefranche.fr\/index.php?rest_route=\/wp\/v2\/posts"}],"about":[{"href":"http:\/\/www.ulcgt69villefranche.fr\/index.php?rest_route=\/wp\/v2\/types\/post"}],"author":[{"embeddable":true,"href":"http:\/\/www.ulcgt69villefranche.fr\/index.php?rest_route=\/wp\/v2\/users\/3"}],"replies":[{"embeddable":true,"href":"http:\/\/www.ulcgt69villefranche.fr\/index.php?rest_route=%2Fwp%2Fv2%2Fcomments&post=1261"}],"version-history":[{"count":6,"href":"http:\/\/www.ulcgt69villefranche.fr\/index.php?rest_route=\/wp\/v2\/posts\/1261\/revisions"}],"predecessor-version":[{"id":1267,"href":"http:\/\/www.ulcgt69villefranche.fr\/index.php?rest_route=\/wp\/v2\/posts\/1261\/revisions\/1267"}],"wp:attachment":[{"href":"http:\/\/www.ulcgt69villefranche.fr\/index.php?rest_route=%2Fwp%2Fv2%2Fmedia&parent=1261"}],"wp:term":[{"taxonomy":"category","embeddable":true,"href":"http:\/\/www.ulcgt69villefranche.fr\/index.php?rest_route=%2Fwp%2Fv2%2Fcategories&post=1261"},{"taxonomy":"post_tag","embeddable":true,"href":"http:\/\/www.ulcgt69villefranche.fr\/index.php?rest_route=%2Fwp%2Fv2%2Ftags&post=1261"}],"curies":[{"name":"wp","href":"https:\/\/api.w.org\/{rel}","templated":true}]}}