{"id":1237,"date":"2013-05-31T14:49:12","date_gmt":"2013-05-31T12:49:12","guid":{"rendered":"http:\/\/www.ulcgt69villefranche.fr\/?p=1237"},"modified":"2013-05-31T14:56:22","modified_gmt":"2013-05-31T12:56:22","slug":"debat-public","status":"publish","type":"post","link":"http:\/\/www.ulcgt69villefranche.fr\/?p=1237","title":{"rendered":"DEBAT PUBLIC : Le 11 JUIN 2013"},"content":{"rendered":"<h3 style=\"text-align: center;\" align=\"center\"><strong><a title=\"D\u00e9bat public du 11\/06\/13\" href=\"http:\/\/www.ulcgt69villefranche.fr\/wp-content\/uploads\/2013\/05\/D\u00e9bat-Public.pdf\" target=\"_blank\"><span style=\"color: #ff0000; text-decoration: underline;\"><span style=\"font-family: Calibri;\">5\u00a0ANS DE CRISE<\/span><\/span><\/a><span style=\"color: #000000;\"><span style=\"font-family: Calibri;\">\u00a0: <\/span><\/span><\/strong><span style=\"color: #000000; font-family: Calibri;\">Quelles issues\u00a0? Quelles r\u00e9ponses\u00a0?<\/span><\/h3>\n<h3 style=\"text-align: center;\" align=\"center\"><a title=\"D\u00e9bat public du 11\/06\/13\" href=\"http:\/\/www.ulcgt69villefranche.fr\/wp-content\/uploads\/2013\/05\/D\u00e9bat-Public.pdf\" target=\"_blank\"><span style=\"text-decoration: underline;\"><span style=\"color: #ff0000; font-family: Calibri; text-decoration: underline;\">DISCUTONS-EN TOUS ENSEMBLE<\/span><\/span><\/a><\/h3>\n<h3 style=\"text-align: center;\" align=\"center\"><span style=\"color: #000000; font-family: Calibri;\">\u00a0<\/span><span style=\"font-family: Calibri;\"><span style=\"color: #000000;\">\u00a0<\/span><span style=\"color: #000000;\">C\u2019est ce que vous proposent l\u2019Union locale CGT <\/span><\/span><span style=\"color: #000000; font-family: Calibri;\">et l\u2019Union locale des retrait\u00e9s de Villefranche sur Sa\u00f4ne en vous invitant \u00e0 un : <\/span><\/h3>\n<h1 style=\"text-align: center;\" align=\"center\"><a title=\"D\u00e9bat public du 11\/06\/13\" href=\"http:\/\/www.ulcgt69villefranche.fr\/wp-content\/uploads\/2013\/05\/D\u00e9bat-Public.pdf\" target=\"_blank\"><span style=\"color: #3366ff; text-decoration: underline;\"><strong><span style=\"font-family: Calibri; text-decoration: underline;\">DEBAT PUBLIC<\/span><\/strong><\/span><\/a><\/h1>\n<h1 style=\"text-align: center;\" align=\"center\"><strong><span style=\"text-decoration: underline;\"><span style=\"font-family: Calibri;\"><span style=\"color: #ff0000; text-decoration: underline;\">LE MARDI 11 JUIN \u00e0 17h30<\/span> <\/span><\/span><\/strong><\/h1>\n<h2 style=\"text-align: center;\" align=\"center\"><strong><span style=\"color: #000000;\"><span style=\"font-family: Calibri;\">Bourse du Travail de Villefranche sur Sa\u00f4ne<\/span><\/span><\/strong><\/h2>\n<h3 style=\"text-align: center;\" align=\"center\"><span style=\"color: #3366ff;\"><strong><span style=\"text-decoration: underline;\"><span style=\"text-decoration: underline;\"><span style=\"font-family: Calibri;\">Ce d\u00e9bat sera introduit par <\/span><\/span><\/span><span style=\"text-decoration: underline;\"><span style=\"text-decoration: underline;\"><span style=\"font-family: Calibri;\">Emmanuelle Puissant<\/span><\/span><\/span><\/strong><\/span><span style=\"color: #000000;\"><span style=\"font-family: Calibri;\"> (<\/span><\/span><span style=\"color: #000000; font-family: Calibri;\">Economiste \u00e0 l\u2019Adees Rh\u00f4ne-Alpes, <\/span><span style=\"color: #000000; font-family: Calibri;\">au Centre de Recherche en Economie de l\u2019Universit\u00e9 P. Mend\u00e8s France de Grenoble et <\/span><span style=\"color: #000000; font-family: Calibri;\">Membre du Conseil Economique Social Environnemental de Rh\u00f4ne-Alpes)<\/span><\/h3>\n<p style=\"text-align: center;\"><a title=\"D\u00e9bat public du 11\/06\/13\" href=\"http:\/\/www.ulcgt69villefranche.fr\/wp-content\/uploads\/2013\/05\/D\u00e9bat-Public.pdf\" target=\"_blank\">Lire l&rsquo;invitation<\/a><\/p>\n","protected":false},"excerpt":{"rendered":"<p>5\u00a0ANS DE CRISE\u00a0: Quelles issues\u00a0? Quelles r\u00e9ponses\u00a0? DISCUTONS-EN TOUS ENSEMBLE \u00a0\u00a0C\u2019est ce que vous proposent l\u2019Union locale CGT et l\u2019Union locale des retrait\u00e9s de Villefranche sur Sa\u00f4ne en vous invitant \u00e0 un : DEBAT PUBLIC LE MARDI 11 JUIN \u00e0 17h30 Bourse du Travail de Villefranche sur Sa\u00f4ne Ce d\u00e9bat sera introduit par Emmanuelle Puissant [&hellip;]<\/p>\n","protected":false},"author":3,"featured_media":0,"comment_status":"closed","ping_status":"open","sticky":false,"template":"","format":"standard","meta":[],"categories":[22,21,42],"tags":[],"_links":{"self":[{"href":"http:\/\/www.ulcgt69villefranche.fr\/index.php?rest_route=\/wp\/v2\/posts\/1237"}],"collection":[{"href":"http:\/\/www.ulcgt69villefranche.fr\/index.php?rest_route=\/wp\/v2\/posts"}],"about":[{"href":"http:\/\/www.ulcgt69villefranche.fr\/index.php?rest_route=\/wp\/v2\/types\/post"}],"author":[{"embeddable":true,"href":"http:\/\/www.ulcgt69villefranche.fr\/index.php?rest_route=\/wp\/v2\/users\/3"}],"replies":[{"embeddable":true,"href":"http:\/\/www.ulcgt69villefranche.fr\/index.php?rest_route=%2Fwp%2Fv2%2Fcomments&post=1237"}],"version-history":[{"count":18,"href":"http:\/\/www.ulcgt69villefranche.fr\/index.php?rest_route=\/wp\/v2\/posts\/1237\/revisions"}],"predecessor-version":[{"id":1253,"href":"http:\/\/www.ulcgt69villefranche.fr\/index.php?rest_route=\/wp\/v2\/posts\/1237\/revisions\/1253"}],"wp:attachment":[{"href":"http:\/\/www.ulcgt69villefranche.fr\/index.php?rest_route=%2Fwp%2Fv2%2Fmedia&parent=1237"}],"wp:term":[{"taxonomy":"category","embeddable":true,"href":"http:\/\/www.ulcgt69villefranche.fr\/index.php?rest_route=%2Fwp%2Fv2%2Fcategories&post=1237"},{"taxonomy":"post_tag","embeddable":true,"href":"http:\/\/www.ulcgt69villefranche.fr\/index.php?rest_route=%2Fwp%2Fv2%2Ftags&post=1237"}],"curies":[{"name":"wp","href":"https:\/\/api.w.org\/{rel}","templated":true}]}}