{"id":1195,"date":"2013-04-12T16:23:56","date_gmt":"2013-04-12T14:23:56","guid":{"rendered":"http:\/\/www.ulcgt69villefranche.fr\/?p=1195"},"modified":"2013-04-13T20:53:56","modified_gmt":"2013-04-13T18:53:56","slug":"lunion-locale-cgt-ecrit-a-monsieur-perrut","status":"publish","type":"post","link":"http:\/\/www.ulcgt69villefranche.fr\/?p=1195","title":{"rendered":"L&rsquo;Union Locale CGT \u00e9crit \u00e0 Monsieur PERRUT"},"content":{"rendered":"<p><span style=\"color: #000000;\"><strong><span style=\"text-decoration: underline;\">BOURSE DU TRAVAIL<\/span><\/strong><\/span><\/p>\n<p style=\"text-align: justify;\">\u00a0 \u00a0 \u00a0 \u00a0 \u00a0 Les Unions Locales CGT d&rsquo;actifs et de retrait\u00e9s de Villefranche Beaujolais Val de Sa\u00f4ne s&rsquo;opposent fermement \u00e0 toutes initiatives visant \u00e0 leur \u00e9viction de la Bourse du Travail o\u00f9 elles sont install\u00e9es depuis le d\u00e9but des ann\u00e9es 1930.<\/p>\n<p style=\"text-align: justify;\"><a title=\"Bourse du Travail\" href=\"http:\/\/www.ulcgt69villefranche.fr\/wp-content\/uploads\/2013\/04\/Bourse-du-travail.pdf\" target=\"_blank\">Lire la lettre \u00e0 M. PERRUT au sujet de la Bourse du Travail<\/a><\/p>\n<p style=\"text-align: justify;\"><span style=\"color: #000000;\"><strong><span style=\"text-decoration: underline;\">ACCORD NATIONAL INTERPROFESSIONNEL (ANI)<\/span><\/strong><\/span><\/p>\n<p style=\"text-align: justify;\">\u00a0 \u00a0 \u00a0 \u00a0 Suite \u00e0 l\u2019Accord National Interprofessionnel (ANI) du 11 Janvier dernier dict\u00e9 par le MEDEF, l\u2019Union Locale CGT de Villefranche Beaujolais Val de Sa\u00f4ne interpelle Monsieur Bernard PERRUT (D\u00e9put\u00e9) et Madame Elisabeth LAMURE (S\u00e9natrice) afin que ces derniers ne le retranscrivent pas dans la loi.<\/p>\n<p><a title=\"Lettre \u00e0 M. PERRUT\" href=\"http:\/\/www.ulcgt69villefranche.fr\/wp-content\/uploads\/2013\/04\/Lettre-D\u00e9put\u00e9.pdf\" target=\"_blank\">Lire la lettre aux parlementaires au sujet de l&rsquo;ANI<\/a><\/p>\n","protected":false},"excerpt":{"rendered":"<p>BOURSE DU TRAVAIL \u00a0 \u00a0 \u00a0 \u00a0 \u00a0 Les Unions Locales CGT d&rsquo;actifs et de retrait\u00e9s de Villefranche Beaujolais Val de Sa\u00f4ne s&rsquo;opposent fermement \u00e0 toutes initiatives visant \u00e0 leur \u00e9viction de la Bourse du Travail o\u00f9 elles sont install\u00e9es depuis le d\u00e9but des ann\u00e9es 1930. Lire la lettre \u00e0 M. PERRUT au sujet de [&hellip;]<\/p>\n","protected":false},"author":3,"featured_media":0,"comment_status":"closed","ping_status":"closed","sticky":false,"template":"","format":"standard","meta":[],"categories":[22,21],"tags":[],"_links":{"self":[{"href":"http:\/\/www.ulcgt69villefranche.fr\/index.php?rest_route=\/wp\/v2\/posts\/1195"}],"collection":[{"href":"http:\/\/www.ulcgt69villefranche.fr\/index.php?rest_route=\/wp\/v2\/posts"}],"about":[{"href":"http:\/\/www.ulcgt69villefranche.fr\/index.php?rest_route=\/wp\/v2\/types\/post"}],"author":[{"embeddable":true,"href":"http:\/\/www.ulcgt69villefranche.fr\/index.php?rest_route=\/wp\/v2\/users\/3"}],"replies":[{"embeddable":true,"href":"http:\/\/www.ulcgt69villefranche.fr\/index.php?rest_route=%2Fwp%2Fv2%2Fcomments&post=1195"}],"version-history":[{"count":8,"href":"http:\/\/www.ulcgt69villefranche.fr\/index.php?rest_route=\/wp\/v2\/posts\/1195\/revisions"}],"predecessor-version":[{"id":1206,"href":"http:\/\/www.ulcgt69villefranche.fr\/index.php?rest_route=\/wp\/v2\/posts\/1195\/revisions\/1206"}],"wp:attachment":[{"href":"http:\/\/www.ulcgt69villefranche.fr\/index.php?rest_route=%2Fwp%2Fv2%2Fmedia&parent=1195"}],"wp:term":[{"taxonomy":"category","embeddable":true,"href":"http:\/\/www.ulcgt69villefranche.fr\/index.php?rest_route=%2Fwp%2Fv2%2Fcategories&post=1195"},{"taxonomy":"post_tag","embeddable":true,"href":"http:\/\/www.ulcgt69villefranche.fr\/index.php?rest_route=%2Fwp%2Fv2%2Ftags&post=1195"}],"curies":[{"name":"wp","href":"https:\/\/api.w.org\/{rel}","templated":true}]}}