{"id":1157,"date":"2013-03-30T15:05:11","date_gmt":"2013-03-30T14:05:11","guid":{"rendered":"http:\/\/www.ulcgt69villefranche.fr\/?p=1157"},"modified":"2013-03-30T15:14:01","modified_gmt":"2013-03-30T14:14:01","slug":"la-cgt-1ere-organisation-syndicale","status":"publish","type":"post","link":"http:\/\/www.ulcgt69villefranche.fr\/?p=1157","title":{"rendered":"LA CGT 1\u00e8re ORGANISATION SYNDICALE"},"content":{"rendered":"<p style=\"text-align: justify;\">Le cycle \u00e9lectoral de 4 ann\u00e9es destin\u00e9 \u00e0 mesurer la<strong>\u00a0<span style=\"text-decoration: underline; color: #ff0000;\">REPR\u00c9SENTATIVIT\u00c9<\/span><\/strong><span style=\"color: #ff0000;\">\u00a0<\/span>des organisations syndicales dans les entreprises de plus de 10 salari\u00e9s, s\u2019est achev\u00e9 au 31 d\u00e9cembre 2012.<\/p>\n<p style=\"text-align: justify;\">Le Haut Conseil du Dialogue Social vient d\u2019en communiquer <a title=\"Les r\u00e9sultats\" href=\"http:\/\/travail-emploi.gouv.fr\/actualite-presse,42\/breves,2137\/mesure-d-audience-de-la,16109.html\" target=\"_blank\">les r\u00e9sultats<\/a>.<\/p>\n<p style=\"text-align: justify;\">D\u00e9j\u00e0, lors des \u00e9lections prud\u2019homales, les salari\u00e9s, en pla\u00e7ant en t\u00eate la <a title=\"La cgt\" href=\"http:\/\/www.cgt.fr\/\" target=\"_blank\">CGT<\/a>, avaient r\u00e9affirm\u00e9 leur attachement \u00e0 la prud\u2019homie. Pr\u00e9sente aupr\u00e8s de 6 millions de ces salari\u00e9s, en agr\u00e9geant les r\u00e9sultats des \u00e9lections TPE de d\u00e9cembre 2012, <span style=\"text-decoration: underline; color: #ff0000;\"><strong>la <a title=\"La cgt\" href=\"http:\/\/www.cgt.fr\/\" target=\"_blank\">CGT<\/a> recueille 1 355 927,54 voix, soit 26,77%<\/strong><\/span>.<\/p>\n<p style=\"text-align: justify;\"><span style=\"text-decoration: underline; color: #ff0000;\"><strong>La <a title=\"La cgt\" href=\"http:\/\/www.cgt.fr\/\" target=\"_blank\">CGT<\/a> conforte ainsi sa place de premi\u00e8re organisation syndicale<\/strong><\/span>. Elle est premi\u00e8re organisation aupr\u00e8s des 17 millions de salari\u00e9s du secteur priv\u00e9, dont les TPE et <strong><span style=\"text-decoration: underline; color: #ff0000;\">premi\u00e8re organisation aupr\u00e8s des 5 millions d\u2019agents de la fonction publique<\/span><\/strong>.<\/p>\n<p style=\"text-align: justify;\">C\u2019est une invitation pour toute la <a title=\"La cgt\" href=\"http:\/\/www.cgt.fr\/\" target=\"_blank\">CGT<\/a> \u00e0 \u00eatre encore plus utile, plus accessible et plus solidaire.<\/p>\n<p style=\"text-align: justify;\">Tous les r\u00e9sultats sur :<\/p>\n<p style=\"text-align: justify;\"><a title=\"Les r\u00e9sultats\" href=\"http:\/\/travail-emploi.gouv.fr\/actualite-presse,42\/breves,2137\/mesure-d-audience-de-la,16109.html\" target=\"_blank\">http:\/\/travail-emploi.gouv.fr\/actualite-presse,42\/breves,2137\/mesure-d-audience-de-la,16109.html<\/a><\/p>\n<p style=\"text-align: justify;\">\n","protected":false},"excerpt":{"rendered":"<p>Le cycle \u00e9lectoral de 4 ann\u00e9es destin\u00e9 \u00e0 mesurer la\u00a0REPR\u00c9SENTATIVIT\u00c9\u00a0des organisations syndicales dans les entreprises de plus de 10 salari\u00e9s, s\u2019est achev\u00e9 au 31 d\u00e9cembre 2012. Le Haut Conseil du Dialogue Social vient d\u2019en communiquer les r\u00e9sultats. D\u00e9j\u00e0, lors des \u00e9lections prud\u2019homales, les salari\u00e9s, en pla\u00e7ant en t\u00eate la CGT, avaient r\u00e9affirm\u00e9 leur attachement \u00e0 [&hellip;]<\/p>\n","protected":false},"author":3,"featured_media":0,"comment_status":"closed","ping_status":"closed","sticky":false,"template":"","format":"standard","meta":[],"categories":[22,19],"tags":[],"_links":{"self":[{"href":"http:\/\/www.ulcgt69villefranche.fr\/index.php?rest_route=\/wp\/v2\/posts\/1157"}],"collection":[{"href":"http:\/\/www.ulcgt69villefranche.fr\/index.php?rest_route=\/wp\/v2\/posts"}],"about":[{"href":"http:\/\/www.ulcgt69villefranche.fr\/index.php?rest_route=\/wp\/v2\/types\/post"}],"author":[{"embeddable":true,"href":"http:\/\/www.ulcgt69villefranche.fr\/index.php?rest_route=\/wp\/v2\/users\/3"}],"replies":[{"embeddable":true,"href":"http:\/\/www.ulcgt69villefranche.fr\/index.php?rest_route=%2Fwp%2Fv2%2Fcomments&post=1157"}],"version-history":[{"count":12,"href":"http:\/\/www.ulcgt69villefranche.fr\/index.php?rest_route=\/wp\/v2\/posts\/1157\/revisions"}],"predecessor-version":[{"id":1168,"href":"http:\/\/www.ulcgt69villefranche.fr\/index.php?rest_route=\/wp\/v2\/posts\/1157\/revisions\/1168"}],"wp:attachment":[{"href":"http:\/\/www.ulcgt69villefranche.fr\/index.php?rest_route=%2Fwp%2Fv2%2Fmedia&parent=1157"}],"wp:term":[{"taxonomy":"category","embeddable":true,"href":"http:\/\/www.ulcgt69villefranche.fr\/index.php?rest_route=%2Fwp%2Fv2%2Fcategories&post=1157"},{"taxonomy":"post_tag","embeddable":true,"href":"http:\/\/www.ulcgt69villefranche.fr\/index.php?rest_route=%2Fwp%2Fv2%2Ftags&post=1157"}],"curies":[{"name":"wp","href":"https:\/\/api.w.org\/{rel}","templated":true}]}}