{"id":1079,"date":"2012-12-23T14:21:17","date_gmt":"2012-12-23T13:21:17","guid":{"rendered":"http:\/\/www.ulcgt69villefranche.fr\/?p=1079"},"modified":"2013-01-19T13:38:40","modified_gmt":"2013-01-19T12:38:40","slug":"la-cgt-tres-largement-en-tete","status":"publish","type":"post","link":"http:\/\/www.ulcgt69villefranche.fr\/?p=1079","title":{"rendered":"La CGT tr\u00e8s largement en t\u00eate !"},"content":{"rendered":"<h1 style=\"text-align: justify;\"><span style=\"text-decoration: underline;\">Les salari\u00e9s des TPE placent la <a title=\"La CGT\" href=\"http:\/\/www.cgt.fr\" target=\"_blank\">CGT<\/a> tr\u00e8s largement en t\u00eate.<\/span><\/h1>\n<p style=\"text-align: justify;\">Avec un r\u00e9sultat de <strong>29,54%<\/strong>, la <a title=\"La CGT\" href=\"http:\/\/www.cgt.fr\" target=\"_blank\">CGT<\/a> arrive tr\u00e8s largement en t\u00eate du premier scrutin de repr\u00e9sentativit\u00e9 dans les tr\u00e8s petites entreprises.<\/p>\n<p style=\"text-align: justify;\">La <a title=\"La CGT\" href=\"http:\/\/www.cgt.fr\" target=\"_blank\">CGT<\/a> remercie les salari\u00e9-e-s qui ont port\u00e9 leur choix sur la <a title=\"La CGT\" href=\"http:\/\/www.cgt.fr\" target=\"_blank\">CGT<\/a>. Ce r\u00e9sultat vient apr\u00e8s d\u2019autres signes forts quant \u00e0 la place majeure occup\u00e9e par la <a title=\"La CGT\" href=\"http:\/\/www.cgt.fr\" target=\"_blank\">CGT<\/a> dans le paysage social.<\/p>\n<p style=\"text-align: justify;\">Le r\u00e9sultat obtenu donne encore plus de poids \u00e0 ceux qui n\u2019acceptent pas une r\u00e9gression sociale majeure dans la n\u00e9gociation sur l\u2019emploi en cours.<\/p>\n<p><a title=\"Communiqu\u00e9 de la CGT\" href=\"http:\/\/www.ulcgt69villefranche.fr\/wp-content\/uploads\/2012\/12\/2012-12-21-Communiqu\u00e9-Elections-TPE.pdf\" target=\"_blank\">Lire le communiqu\u00e9 de la CGT<\/a><\/p>\n<p><a title=\"Les r\u00e9sultats globaux\" href=\"http:\/\/www.ulcgt69villefranche.fr\/wp-content\/uploads\/2012\/12\/2012-12-21-Agregation-des-resultats-TPE.pdf\" target=\"_blank\">Voir les r\u00e9sultats globaux<\/a><\/p>\n<p><a title=\"R\u00e9sultats par r\u00e9gion\" href=\"http:\/\/www.ulcgt69villefranche.fr\/wp-content\/uploads\/2012\/12\/2012-12-21-TPE_PV-r\u00e9gionaux.pdf\" target=\"_blank\">Voir les r\u00e9sultats par r\u00e9gion<\/a><\/p>\n","protected":false},"excerpt":{"rendered":"<p>Les salari\u00e9s des TPE placent la CGT tr\u00e8s largement en t\u00eate. Avec un r\u00e9sultat de 29,54%, la CGT arrive tr\u00e8s largement en t\u00eate du premier scrutin de repr\u00e9sentativit\u00e9 dans les tr\u00e8s petites entreprises. La CGT remercie les salari\u00e9-e-s qui ont port\u00e9 leur choix sur la CGT. Ce r\u00e9sultat vient apr\u00e8s d\u2019autres signes forts quant \u00e0 [&hellip;]<\/p>\n","protected":false},"author":3,"featured_media":0,"comment_status":"closed","ping_status":"closed","sticky":false,"template":"","format":"standard","meta":[],"categories":[22,19],"tags":[36,25],"_links":{"self":[{"href":"http:\/\/www.ulcgt69villefranche.fr\/index.php?rest_route=\/wp\/v2\/posts\/1079"}],"collection":[{"href":"http:\/\/www.ulcgt69villefranche.fr\/index.php?rest_route=\/wp\/v2\/posts"}],"about":[{"href":"http:\/\/www.ulcgt69villefranche.fr\/index.php?rest_route=\/wp\/v2\/types\/post"}],"author":[{"embeddable":true,"href":"http:\/\/www.ulcgt69villefranche.fr\/index.php?rest_route=\/wp\/v2\/users\/3"}],"replies":[{"embeddable":true,"href":"http:\/\/www.ulcgt69villefranche.fr\/index.php?rest_route=%2Fwp%2Fv2%2Fcomments&post=1079"}],"version-history":[{"count":10,"href":"http:\/\/www.ulcgt69villefranche.fr\/index.php?rest_route=\/wp\/v2\/posts\/1079\/revisions"}],"predecessor-version":[{"id":1107,"href":"http:\/\/www.ulcgt69villefranche.fr\/index.php?rest_route=\/wp\/v2\/posts\/1079\/revisions\/1107"}],"wp:attachment":[{"href":"http:\/\/www.ulcgt69villefranche.fr\/index.php?rest_route=%2Fwp%2Fv2%2Fmedia&parent=1079"}],"wp:term":[{"taxonomy":"category","embeddable":true,"href":"http:\/\/www.ulcgt69villefranche.fr\/index.php?rest_route=%2Fwp%2Fv2%2Fcategories&post=1079"},{"taxonomy":"post_tag","embeddable":true,"href":"http:\/\/www.ulcgt69villefranche.fr\/index.php?rest_route=%2Fwp%2Fv2%2Ftags&post=1079"}],"curies":[{"name":"wp","href":"https:\/\/api.w.org\/{rel}","templated":true}]}}