{"id":1007,"date":"2012-11-22T16:42:31","date_gmt":"2012-11-22T15:42:31","guid":{"rendered":"http:\/\/www.ulcgt69villefranche.fr\/?p=1007"},"modified":"2012-12-07T14:48:15","modified_gmt":"2012-12-07T13:48:15","slug":"relaxe-de-pierre-et-michel","status":"publish","type":"post","link":"http:\/\/www.ulcgt69villefranche.fr\/?p=1007","title":{"rendered":"Relaxe de Pierre et Michel"},"content":{"rendered":"<h1 style=\"text-align: center;\"><a title=\"Relaxe de Pierre et Michel\" href=\"http:\/\/www.ulcgt69villefranche.fr\/wp-content\/uploads\/2012\/11\/Communiqu\u00e9-Relaxe-Pierre-et-Michel.pdf\" target=\"_blank\"><span style=\"text-decoration: underline;\">Deux victoires de la mobilisation !!!<\/span><\/a><\/h1>\n<p style=\"text-align: justify;\">Le 20\/11\/2012, nos deux camarades <strong><span style=\"text-decoration: underline;\">Pierre et Michel<\/span><span style=\"text-decoration: underline;\"> ont \u00e9t\u00e9 purement et simplement relax\u00e9s<\/span><\/strong> par le tribunal correctionnel de Villefranche.\u00a0A l&rsquo;issue de la manifestation de soutien, un pot fraternel de Beaujolais Nouveau \u00e0 la Bourse du Travail a permis \u00e0 l&rsquo;ensemble des manifestants de f\u00eater ces deux victoires de la mobilisation.<\/p>\n<p><a title=\"D\u00e9claration devant le Tribunal\" href=\"http:\/\/www.ulcgt69villefranche.fr\/wp-content\/uploads\/2012\/11\/D\u00e9claration-devant-le-Tribunal.pdf\" target=\"_blank\">Lire la d\u00e9claration devant le Tribunal<\/a><\/p>\n<p><a title=\"Lettre de Bernard Thibault\" href=\"http:\/\/www.ulcgt69villefranche.fr\/wp-content\/uploads\/2012\/11\/2012-11-20-Lettre-de-Bernard-Thibault.pdf\" target=\"_blank\">Lire la lettre de Bernard Thibault<\/a><\/p>\n<p><a title=\"Relaxe de Pierre et Michel\" href=\"http:\/\/www.ulcgt69villefranche.fr\/wp-content\/uploads\/2012\/11\/Communiqu\u00e9-Relaxe-Pierre-et-Michel.pdf\" target=\"_blank\">Lire le communiqu\u00e9<\/a><a title=\"Relaxe de Pierre et Michel\" href=\"http:\/\/www.ulcgt69villefranche.fr\/wp-content\/uploads\/2012\/11\/Communiqu\u00e9-Relaxe-Pierre-et-Michel.pdf\" target=\"_blank\">\u00a0de l&rsquo;UL de Villefranche<\/a><\/p>\n<p><a title=\"Article du Progr\u00e8s\" href=\"http:\/\/www.ulcgt69villefranche.fr\/wp-content\/uploads\/2012\/11\/Article-du-20-11-2012.pdf\" target=\"_blank\">Lire l&rsquo;article du Progr\u00e8s<\/a><\/p>\n<p style=\"text-align: justify;\">La veille, c&rsquo;\u00e9tait la cour d&rsquo;appel de Lyon qui pronon\u00e7ait un\u00a0arr\u00eat retenant une culpabilit\u00e9 mais sans ex\u00e9cution de peine qui a pour nous valeur de <strong><span style=\"text-decoration: underline;\">relaxe<\/span><\/strong>.<\/p>\n<p><a title=\"Victoire pour les 5 Roannais\" href=\"http:\/\/www.ulcgt69villefranche.fr\/wp-content\/uploads\/2012\/11\/victoire_cs.pdf\" target=\"_blank\">Lire le communiqu\u00e9 du comit\u00e9 de soutien des 5 Roannais<\/a><\/p>\n<p><a title=\"Communiqu\u00e9 CGT 5 de Roanne\" href=\"http:\/\/www.ulcgt69villefranche.fr\/wp-content\/uploads\/2012\/11\/Communiqu\u00e9-CGT-5-de-Roanne.pdf\" target=\"_blank\">Lire le communiqu\u00e9 de la CGT<\/a><\/p>\n","protected":false},"excerpt":{"rendered":"<p>Deux victoires de la mobilisation !!! Le 20\/11\/2012, nos deux camarades Pierre et Michel ont \u00e9t\u00e9 purement et simplement relax\u00e9s par le tribunal correctionnel de Villefranche.\u00a0A l&rsquo;issue de la manifestation de soutien, un pot fraternel de Beaujolais Nouveau \u00e0 la Bourse du Travail a permis \u00e0 l&rsquo;ensemble des manifestants de f\u00eater ces deux victoires de [&hellip;]<\/p>\n","protected":false},"author":3,"featured_media":0,"comment_status":"closed","ping_status":"closed","sticky":false,"template":"","format":"standard","meta":[],"categories":[22,20,21],"tags":[37],"_links":{"self":[{"href":"http:\/\/www.ulcgt69villefranche.fr\/index.php?rest_route=\/wp\/v2\/posts\/1007"}],"collection":[{"href":"http:\/\/www.ulcgt69villefranche.fr\/index.php?rest_route=\/wp\/v2\/posts"}],"about":[{"href":"http:\/\/www.ulcgt69villefranche.fr\/index.php?rest_route=\/wp\/v2\/types\/post"}],"author":[{"embeddable":true,"href":"http:\/\/www.ulcgt69villefranche.fr\/index.php?rest_route=\/wp\/v2\/users\/3"}],"replies":[{"embeddable":true,"href":"http:\/\/www.ulcgt69villefranche.fr\/index.php?rest_route=%2Fwp%2Fv2%2Fcomments&post=1007"}],"version-history":[{"count":21,"href":"http:\/\/www.ulcgt69villefranche.fr\/index.php?rest_route=\/wp\/v2\/posts\/1007\/revisions"}],"predecessor-version":[{"id":1067,"href":"http:\/\/www.ulcgt69villefranche.fr\/index.php?rest_route=\/wp\/v2\/posts\/1007\/revisions\/1067"}],"wp:attachment":[{"href":"http:\/\/www.ulcgt69villefranche.fr\/index.php?rest_route=%2Fwp%2Fv2%2Fmedia&parent=1007"}],"wp:term":[{"taxonomy":"category","embeddable":true,"href":"http:\/\/www.ulcgt69villefranche.fr\/index.php?rest_route=%2Fwp%2Fv2%2Fcategories&post=1007"},{"taxonomy":"post_tag","embeddable":true,"href":"http:\/\/www.ulcgt69villefranche.fr\/index.php?rest_route=%2Fwp%2Fv2%2Ftags&post=1007"}],"curies":[{"name":"wp","href":"https:\/\/api.w.org\/{rel}","templated":true}]}}